{"id":340928,"date":"2024-10-21T14:46:28","date_gmt":"2024-10-21T11:46:28","guid":{"rendered":"https:\/\/sana.sy\/es\/?p=340928"},"modified":"2024-10-21T14:46:28","modified_gmt":"2024-10-21T11:46:28","slug":"protesta-en-damasco-en-apoyo-a-los-prisioneros-palestinos-en-carceles-israelies","status":"publish","type":"post","link":"https:\/\/archive.sana.sy\/es\/?p=340928","title":{"rendered":"Protesta en Damasco en apoyo a los prisioneros palestinos en c\u00e1rceles israel\u00edes"},"content":{"rendered":"<p style=\"text-align: justify;\"><span style=\"color: #800000;\"><strong>Damasco, 21 oct (SANA)<\/strong><\/span> Los grupos de la resistencia palestina y los comit\u00e9s de defensa de los prisioneros y detenidos palestinos en las c\u00e1rceles del ocupante israel\u00ed organizaron un acto de protesta frente a la sede de la misi\u00f3n del Comit\u00e9 Internacional de la Cruz Roja (CICR) en Damasco, en apoyo a los prisioneros palestinos en las c\u00e1rceles de ocupaci\u00f3n y para denunciar sus agresiones y cr\u00edmenes en la regi\u00f3n.<\/p>\n<p style=\"text-align: justify;\">Los presentes entregaron un documento a la delegaci\u00f3n de la CICR en el que exigieron visitar los centros de detenci\u00f3n, especialmente los secretos, en los que se encuentran prisioneros palestinos, y que sean tratados como prisioneros de guerra de acuerdo con las leyes internacionales.<\/p>\n<p style=\"text-align: justify;\">Instaron al ocupante israel\u00ed a implementar la Cuarta Convenci\u00f3n de Ginebra, que garantiza a los prisioneros sus derechos, y permitir que los abogados los visiten, adem\u00e1s de intervenir inmediata y urgentemente para detener la pol\u00edtica de negligencia m\u00e9dica contra los enfermos entre ellos, y liberar los cuerpos de los prisioneros.<\/p>\n<p style=\"text-align: justify;\">Los participantes tambi\u00e9n pidieron a la Cruz Roja Internacional que asuma sus responsabilidades por lo que est\u00e1 sucediendo contra los ni\u00f1os prisioneros, que son objeto de todo tipo de violaciones y cr\u00edmenes horrendos, y que intervenga inmediata y urgentemente para poner fin a las violaciones y trabajar para liberar a todos los prisioneros, incluidos ni\u00f1os, hombres y mujeres.<\/p>\n<p style=\"text-align: justify;\">Subrayaron la necesidad de que este documento reciba la atenci\u00f3n de la Cruz Roja Internacional y que su intervenci\u00f3n tenga un impacto claro y pr\u00e1ctico en las autoridades de ocupaci\u00f3n y contribuya a cambiar la realidad de los prisioneros.<\/p>\n<p style=\"text-align: justify;\">fm\/as<\/p>\n<div id='gallery-1' class='gallery galleryid-340928 gallery-columns-1 gallery-size-full'><figure class='gallery-item'>\n\t\t\t<div class='gallery-icon landscape'>\n\t\t\t\t<a href='https:\/\/archive.sana.sy\/es\/wp-content\/uploads\/2024\/10\/KIN_4163.jpg'><img loading=\"lazy\" decoding=\"async\" width=\"660\" height=\"440\" src=\"https:\/\/archive.sana.sy\/es\/wp-content\/uploads\/2024\/10\/KIN_4163.jpg\" class=\"attachment-full size-full\" alt=\"\" srcset=\"https:\/\/archive.sana.sy\/es\/wp-content\/uploads\/2024\/10\/KIN_4163.jpg 660w, https:\/\/archive.sana.sy\/es\/wp-content\/uploads\/2024\/10\/KIN_4163-300x200.jpg 300w, https:\/\/archive.sana.sy\/es\/wp-content\/uploads\/2024\/10\/KIN_4163-150x100.jpg 150w\" sizes=\"(max-width: 660px) 100vw, 660px\" \/><\/a>\n\t\t\t<\/div><\/figure><figure class='gallery-item'>\n\t\t\t<div class='gallery-icon landscape'>\n\t\t\t\t<a href='https:\/\/archive.sana.sy\/es\/wp-content\/uploads\/2024\/10\/KIN_4132.jpg'><img loading=\"lazy\" decoding=\"async\" width=\"660\" height=\"440\" src=\"https:\/\/archive.sana.sy\/es\/wp-content\/uploads\/2024\/10\/KIN_4132.jpg\" class=\"attachment-full size-full\" alt=\"\" srcset=\"https:\/\/archive.sana.sy\/es\/wp-content\/uploads\/2024\/10\/KIN_4132.jpg 660w, https:\/\/archive.sana.sy\/es\/wp-content\/uploads\/2024\/10\/KIN_4132-300x200.jpg 300w, https:\/\/archive.sana.sy\/es\/wp-content\/uploads\/2024\/10\/KIN_4132-150x100.jpg 150w\" sizes=\"(max-width: 660px) 100vw, 660px\" \/><\/a>\n\t\t\t<\/div><\/figure><figure class='gallery-item'>\n\t\t\t<div class='gallery-icon landscape'>\n\t\t\t\t<a href='https:\/\/archive.sana.sy\/es\/wp-content\/uploads\/2024\/10\/1232-660x330-1.jpg'><img loading=\"lazy\" decoding=\"async\" width=\"660\" height=\"330\" src=\"https:\/\/archive.sana.sy\/es\/wp-content\/uploads\/2024\/10\/1232-660x330-1.jpg\" class=\"attachment-full size-full\" alt=\"\" srcset=\"https:\/\/archive.sana.sy\/es\/wp-content\/uploads\/2024\/10\/1232-660x330-1.jpg 660w, https:\/\/archive.sana.sy\/es\/wp-content\/uploads\/2024\/10\/1232-660x330-1-300x150.jpg 300w, https:\/\/archive.sana.sy\/es\/wp-content\/uploads\/2024\/10\/1232-660x330-1-150x75.jpg 150w\" sizes=\"(max-width: 660px) 100vw, 660px\" \/><\/a>\n\t\t\t<\/div><\/figure><figure class='gallery-item'>\n\t\t\t<div class='gallery-icon landscape'>\n\t\t\t\t<a href='https:\/\/archive.sana.sy\/es\/wp-content\/uploads\/2024\/10\/photo_2024-10-21_13-10-52.jpg'><img loading=\"lazy\" decoding=\"async\" width=\"1280\" height=\"766\" src=\"https:\/\/archive.sana.sy\/es\/wp-content\/uploads\/2024\/10\/photo_2024-10-21_13-10-52.jpg\" class=\"attachment-full size-full\" alt=\"\" srcset=\"https:\/\/archive.sana.sy\/es\/wp-content\/uploads\/2024\/10\/photo_2024-10-21_13-10-52.jpg 1280w, https:\/\/archive.sana.sy\/es\/wp-content\/uploads\/2024\/10\/photo_2024-10-21_13-10-52-300x180.jpg 300w, https:\/\/archive.sana.sy\/es\/wp-content\/uploads\/2024\/10\/photo_2024-10-21_13-10-52-1024x613.jpg 1024w, https:\/\/archive.sana.sy\/es\/wp-content\/uploads\/2024\/10\/photo_2024-10-21_13-10-52-150x90.jpg 150w, https:\/\/archive.sana.sy\/es\/wp-content\/uploads\/2024\/10\/photo_2024-10-21_13-10-52-768x460.jpg 768w\" sizes=\"(max-width: 1280px) 100vw, 1280px\" \/><\/a>\n\t\t\t<\/div><\/figure>\n\t\t<\/div>\n\n","protected":false},"excerpt":{"rendered":"<p>Damasco, 21 oct (SANA) Los grupos de la resistencia palestina y los comit\u00e9s de defensa de los prisioneros y detenidos palestinos en las c\u00e1rceles del ocupante israel\u00ed organizaron un acto de protesta frente a la sede de la misi\u00f3n del Comit\u00e9 Internacional de la Cruz Roja (CICR) en Damasco, en apoyo a los prisioneros palestinos &hellip;<\/p>\n","protected":false},"author":42,"featured_media":340933,"comment_status":"closed","ping_status":"closed","sticky":false,"template":"","format":"standard","meta":{"footnotes":""},"categories":[597,20724,476,16688,7541],"tags":[],"class_list":["post-340928","post","type-post","status-publish","format-standard","has-post-thumbnail","","category-cinta-de-noticias","category-minuto-a-minuto","category-locales","category-nacionales","category-ultimas-noticias"],"_links":{"self":[{"href":"https:\/\/archive.sana.sy\/es\/index.php?rest_route=\/wp\/v2\/posts\/340928"}],"collection":[{"href":"https:\/\/archive.sana.sy\/es\/index.php?rest_route=\/wp\/v2\/posts"}],"about":[{"href":"https:\/\/archive.sana.sy\/es\/index.php?rest_route=\/wp\/v2\/types\/post"}],"author":[{"embeddable":true,"href":"https:\/\/archive.sana.sy\/es\/index.php?rest_route=\/wp\/v2\/users\/42"}],"replies":[{"embeddable":true,"href":"https:\/\/archive.sana.sy\/es\/index.php?rest_route=%2Fwp%2Fv2%2Fcomments&post=340928"}],"version-history":[{"count":1,"href":"https:\/\/archive.sana.sy\/es\/index.php?rest_route=\/wp\/v2\/posts\/340928\/revisions"}],"predecessor-version":[{"id":340934,"href":"https:\/\/archive.sana.sy\/es\/index.php?rest_route=\/wp\/v2\/posts\/340928\/revisions\/340934"}],"wp:featuredmedia":[{"embeddable":true,"href":"https:\/\/archive.sana.sy\/es\/index.php?rest_route=\/wp\/v2\/media\/340933"}],"wp:attachment":[{"href":"https:\/\/archive.sana.sy\/es\/index.php?rest_route=%2Fwp%2Fv2%2Fmedia&parent=340928"}],"wp:term":[{"taxonomy":"category","embeddable":true,"href":"https:\/\/archive.sana.sy\/es\/index.php?rest_route=%2Fwp%2Fv2%2Fcategories&post=340928"},{"taxonomy":"post_tag","embeddable":true,"href":"https:\/\/archive.sana.sy\/es\/index.php?rest_route=%2Fwp%2Fv2%2Ftags&post=340928"}],"curies":[{"name":"wp","href":"https:\/\/api.w.org\/{rel}","templated":true}]}}