{"id":340950,"date":"2024-10-21T19:21:52","date_gmt":"2024-10-21T16:21:52","guid":{"rendered":"https:\/\/sana.sy\/es\/?p=340950"},"modified":"2024-10-21T19:43:48","modified_gmt":"2024-10-21T16:43:48","slug":"agresion-israeli-en-damasco-deja-dos-civiles-muertos-fotos","status":"publish","type":"post","link":"https:\/\/archive.sana.sy\/es\/?p=340950","title":{"rendered":"Agresi\u00f3n israel\u00ed en Damasco deja dos civiles muertos (+ fotos)"},"content":{"rendered":"<p style=\"text-align: justify;\"><span style=\"color: #800000;\"><strong>Damasco, 21 oct (SANA)<\/strong> <\/span>El Ministerio de Defensa sirio inform\u00f3 que a las 17:17 hora local de este lunes, 21 de octubre, el enemigo israel\u00ed perpetr\u00f3 una agresi\u00f3n a\u00e9rea contra un autom\u00f3vil civil en el barrio residencial de Mezeh en Damasco.<\/p>\n<p style=\"text-align: justify;\">El ataque provoc\u00f3 la muerte de dos civiles y lesiones a otros tres, adem\u00e1s de ocasionar da\u00f1os materiales contra las propiedades privadas.<\/p>\n<p style=\"text-align: justify;\">\u201cIsrael\u201d intensific\u00f3 sus acciones militares hostiles contra blancos en el territorio sirio; algunos apuntaron contra Damasco, como el 9 de este mes, cuando un ataque contra un edificio residencial en Mezzeh dej\u00f3 nueve muertos y 14 heridos.<\/p>\n<p style=\"text-align: justify;\">Mientras el 2 de octubre, una agresi\u00f3n similar dej\u00f3 tres personas muertas y un igual n\u00famero de heridos en el mismo barrio de Mezzeh.<\/p>\n<p>fm\/ahs<\/p>\n<div id='gallery-1' class='gallery galleryid-340950 gallery-columns-1 gallery-size-full'><figure class='gallery-item'>\n\t\t\t<div class='gallery-icon portrait'>\n\t\t\t\t<a href='https:\/\/archive.sana.sy\/es\/wp-content\/uploads\/2024\/10\/Agresion-israeli-en-Damasco-deja-dos-civiles-muertos-3.jpg'><img loading=\"lazy\" decoding=\"async\" width=\"960\" height=\"1280\" src=\"https:\/\/archive.sana.sy\/es\/wp-content\/uploads\/2024\/10\/Agresion-israeli-en-Damasco-deja-dos-civiles-muertos-3.jpg\" class=\"attachment-full size-full\" alt=\"\" srcset=\"https:\/\/archive.sana.sy\/es\/wp-content\/uploads\/2024\/10\/Agresion-israeli-en-Damasco-deja-dos-civiles-muertos-3.jpg 960w, https:\/\/archive.sana.sy\/es\/wp-content\/uploads\/2024\/10\/Agresion-israeli-en-Damasco-deja-dos-civiles-muertos-3-225x300.jpg 225w, https:\/\/archive.sana.sy\/es\/wp-content\/uploads\/2024\/10\/Agresion-israeli-en-Damasco-deja-dos-civiles-muertos-3-768x1024.jpg 768w, https:\/\/archive.sana.sy\/es\/wp-content\/uploads\/2024\/10\/Agresion-israeli-en-Damasco-deja-dos-civiles-muertos-3-113x150.jpg 113w\" sizes=\"(max-width: 960px) 100vw, 960px\" \/><\/a>\n\t\t\t<\/div><\/figure><figure class='gallery-item'>\n\t\t\t<div class='gallery-icon portrait'>\n\t\t\t\t<a href='https:\/\/archive.sana.sy\/es\/wp-content\/uploads\/2024\/10\/Agresion-israeli-en-Damasco-deja-dos-civiles-muertos-2.jpg'><img loading=\"lazy\" decoding=\"async\" width=\"929\" height=\"1280\" src=\"https:\/\/archive.sana.sy\/es\/wp-content\/uploads\/2024\/10\/Agresion-israeli-en-Damasco-deja-dos-civiles-muertos-2.jpg\" class=\"attachment-full size-full\" alt=\"\" srcset=\"https:\/\/archive.sana.sy\/es\/wp-content\/uploads\/2024\/10\/Agresion-israeli-en-Damasco-deja-dos-civiles-muertos-2.jpg 929w, https:\/\/archive.sana.sy\/es\/wp-content\/uploads\/2024\/10\/Agresion-israeli-en-Damasco-deja-dos-civiles-muertos-2-218x300.jpg 218w, https:\/\/archive.sana.sy\/es\/wp-content\/uploads\/2024\/10\/Agresion-israeli-en-Damasco-deja-dos-civiles-muertos-2-743x1024.jpg 743w, https:\/\/archive.sana.sy\/es\/wp-content\/uploads\/2024\/10\/Agresion-israeli-en-Damasco-deja-dos-civiles-muertos-2-109x150.jpg 109w, https:\/\/archive.sana.sy\/es\/wp-content\/uploads\/2024\/10\/Agresion-israeli-en-Damasco-deja-dos-civiles-muertos-2-768x1058.jpg 768w\" sizes=\"(max-width: 929px) 100vw, 929px\" \/><\/a>\n\t\t\t<\/div><\/figure><figure class='gallery-item'>\n\t\t\t<div class='gallery-icon portrait'>\n\t\t\t\t<a href='https:\/\/archive.sana.sy\/es\/wp-content\/uploads\/2024\/10\/Agresion-israeli-en-Damasco-deja-dos-civiles-muertos-1.jpg'><img loading=\"lazy\" decoding=\"async\" width=\"953\" height=\"1280\" src=\"https:\/\/archive.sana.sy\/es\/wp-content\/uploads\/2024\/10\/Agresion-israeli-en-Damasco-deja-dos-civiles-muertos-1.jpg\" class=\"attachment-full size-full\" alt=\"\" srcset=\"https:\/\/archive.sana.sy\/es\/wp-content\/uploads\/2024\/10\/Agresion-israeli-en-Damasco-deja-dos-civiles-muertos-1.jpg 953w, https:\/\/archive.sana.sy\/es\/wp-content\/uploads\/2024\/10\/Agresion-israeli-en-Damasco-deja-dos-civiles-muertos-1-223x300.jpg 223w, https:\/\/archive.sana.sy\/es\/wp-content\/uploads\/2024\/10\/Agresion-israeli-en-Damasco-deja-dos-civiles-muertos-1-762x1024.jpg 762w, https:\/\/archive.sana.sy\/es\/wp-content\/uploads\/2024\/10\/Agresion-israeli-en-Damasco-deja-dos-civiles-muertos-1-112x150.jpg 112w, https:\/\/archive.sana.sy\/es\/wp-content\/uploads\/2024\/10\/Agresion-israeli-en-Damasco-deja-dos-civiles-muertos-1-768x1032.jpg 768w\" sizes=\"(max-width: 953px) 100vw, 953px\" \/><\/a>\n\t\t\t<\/div><\/figure><figure class='gallery-item'>\n\t\t\t<div class='gallery-icon landscape'>\n\t\t\t\t<a href='https:\/\/archive.sana.sy\/es\/wp-content\/uploads\/2024\/10\/El-lugar-de-la-explosion-de-un-coche-en-el-barrio-capitalino-de-Mezze.jpg'><img loading=\"lazy\" decoding=\"async\" width=\"1280\" height=\"815\" src=\"https:\/\/archive.sana.sy\/es\/wp-content\/uploads\/2024\/10\/El-lugar-de-la-explosion-de-un-coche-en-el-barrio-capitalino-de-Mezze.jpg\" class=\"attachment-full size-full\" alt=\"\" srcset=\"https:\/\/archive.sana.sy\/es\/wp-content\/uploads\/2024\/10\/El-lugar-de-la-explosion-de-un-coche-en-el-barrio-capitalino-de-Mezze.jpg 1280w, https:\/\/archive.sana.sy\/es\/wp-content\/uploads\/2024\/10\/El-lugar-de-la-explosion-de-un-coche-en-el-barrio-capitalino-de-Mezze-300x191.jpg 300w, https:\/\/archive.sana.sy\/es\/wp-content\/uploads\/2024\/10\/El-lugar-de-la-explosion-de-un-coche-en-el-barrio-capitalino-de-Mezze-1024x652.jpg 1024w, https:\/\/archive.sana.sy\/es\/wp-content\/uploads\/2024\/10\/El-lugar-de-la-explosion-de-un-coche-en-el-barrio-capitalino-de-Mezze-150x96.jpg 150w, https:\/\/archive.sana.sy\/es\/wp-content\/uploads\/2024\/10\/El-lugar-de-la-explosion-de-un-coche-en-el-barrio-capitalino-de-Mezze-768x489.jpg 768w\" sizes=\"(max-width: 1280px) 100vw, 1280px\" \/><\/a>\n\t\t\t<\/div><\/figure><figure class='gallery-item'>\n\t\t\t<div class='gallery-icon landscape'>\n\t\t\t\t<a href='https:\/\/archive.sana.sy\/es\/wp-content\/uploads\/2024\/10\/Agresion-israeli-en-Damasco-deja-dos-civiles-muertos-4-1.jpg'><img loading=\"lazy\" decoding=\"async\" width=\"1280\" height=\"649\" src=\"https:\/\/archive.sana.sy\/es\/wp-content\/uploads\/2024\/10\/Agresion-israeli-en-Damasco-deja-dos-civiles-muertos-4-1.jpg\" class=\"attachment-full size-full\" alt=\"\" srcset=\"https:\/\/archive.sana.sy\/es\/wp-content\/uploads\/2024\/10\/Agresion-israeli-en-Damasco-deja-dos-civiles-muertos-4-1.jpg 1280w, https:\/\/archive.sana.sy\/es\/wp-content\/uploads\/2024\/10\/Agresion-israeli-en-Damasco-deja-dos-civiles-muertos-4-1-300x152.jpg 300w, https:\/\/archive.sana.sy\/es\/wp-content\/uploads\/2024\/10\/Agresion-israeli-en-Damasco-deja-dos-civiles-muertos-4-1-1024x519.jpg 1024w, https:\/\/archive.sana.sy\/es\/wp-content\/uploads\/2024\/10\/Agresion-israeli-en-Damasco-deja-dos-civiles-muertos-4-1-150x76.jpg 150w, https:\/\/archive.sana.sy\/es\/wp-content\/uploads\/2024\/10\/Agresion-israeli-en-Damasco-deja-dos-civiles-muertos-4-1-768x389.jpg 768w\" sizes=\"(max-width: 1280px) 100vw, 1280px\" \/><\/a>\n\t\t\t<\/div><\/figure><figure class='gallery-item'>\n\t\t\t<div class='gallery-icon landscape'>\n\t\t\t\t<a href='https:\/\/archive.sana.sy\/es\/wp-content\/uploads\/2024\/10\/photo_2024-10-21_19-41-12.jpg'><img loading=\"lazy\" decoding=\"async\" width=\"1280\" height=\"853\" src=\"https:\/\/archive.sana.sy\/es\/wp-content\/uploads\/2024\/10\/photo_2024-10-21_19-41-12.jpg\" class=\"attachment-full size-full\" alt=\"\" srcset=\"https:\/\/archive.sana.sy\/es\/wp-content\/uploads\/2024\/10\/photo_2024-10-21_19-41-12.jpg 1280w, https:\/\/archive.sana.sy\/es\/wp-content\/uploads\/2024\/10\/photo_2024-10-21_19-41-12-300x200.jpg 300w, https:\/\/archive.sana.sy\/es\/wp-content\/uploads\/2024\/10\/photo_2024-10-21_19-41-12-1024x682.jpg 1024w, https:\/\/archive.sana.sy\/es\/wp-content\/uploads\/2024\/10\/photo_2024-10-21_19-41-12-150x100.jpg 150w, https:\/\/archive.sana.sy\/es\/wp-content\/uploads\/2024\/10\/photo_2024-10-21_19-41-12-768x512.jpg 768w\" sizes=\"(max-width: 1280px) 100vw, 1280px\" \/><\/a>\n\t\t\t<\/div><\/figure><figure class='gallery-item'>\n\t\t\t<div class='gallery-icon landscape'>\n\t\t\t\t<a href='https:\/\/archive.sana.sy\/es\/wp-content\/uploads\/2024\/10\/photo_2024-10-21_19-41-14.jpg'><img loading=\"lazy\" decoding=\"async\" width=\"1280\" height=\"853\" src=\"https:\/\/archive.sana.sy\/es\/wp-content\/uploads\/2024\/10\/photo_2024-10-21_19-41-14.jpg\" class=\"attachment-full size-full\" alt=\"\" srcset=\"https:\/\/archive.sana.sy\/es\/wp-content\/uploads\/2024\/10\/photo_2024-10-21_19-41-14.jpg 1280w, https:\/\/archive.sana.sy\/es\/wp-content\/uploads\/2024\/10\/photo_2024-10-21_19-41-14-300x200.jpg 300w, https:\/\/archive.sana.sy\/es\/wp-content\/uploads\/2024\/10\/photo_2024-10-21_19-41-14-1024x682.jpg 1024w, https:\/\/archive.sana.sy\/es\/wp-content\/uploads\/2024\/10\/photo_2024-10-21_19-41-14-150x100.jpg 150w, https:\/\/archive.sana.sy\/es\/wp-content\/uploads\/2024\/10\/photo_2024-10-21_19-41-14-768x512.jpg 768w\" sizes=\"(max-width: 1280px) 100vw, 1280px\" \/><\/a>\n\t\t\t<\/div><\/figure><figure class='gallery-item'>\n\t\t\t<div class='gallery-icon landscape'>\n\t\t\t\t<a href='https:\/\/archive.sana.sy\/es\/wp-content\/uploads\/2024\/10\/photo_2024-10-21_19-41-17.jpg'><img loading=\"lazy\" decoding=\"async\" width=\"1280\" height=\"853\" src=\"https:\/\/archive.sana.sy\/es\/wp-content\/uploads\/2024\/10\/photo_2024-10-21_19-41-17.jpg\" class=\"attachment-full size-full\" alt=\"\" srcset=\"https:\/\/archive.sana.sy\/es\/wp-content\/uploads\/2024\/10\/photo_2024-10-21_19-41-17.jpg 1280w, https:\/\/archive.sana.sy\/es\/wp-content\/uploads\/2024\/10\/photo_2024-10-21_19-41-17-300x200.jpg 300w, https:\/\/archive.sana.sy\/es\/wp-content\/uploads\/2024\/10\/photo_2024-10-21_19-41-17-1024x682.jpg 1024w, https:\/\/archive.sana.sy\/es\/wp-content\/uploads\/2024\/10\/photo_2024-10-21_19-41-17-150x100.jpg 150w, https:\/\/archive.sana.sy\/es\/wp-content\/uploads\/2024\/10\/photo_2024-10-21_19-41-17-768x512.jpg 768w\" sizes=\"(max-width: 1280px) 100vw, 1280px\" \/><\/a>\n\t\t\t<\/div><\/figure><figure class='gallery-item'>\n\t\t\t<div class='gallery-icon landscape'>\n\t\t\t\t<a href='https:\/\/archive.sana.sy\/es\/wp-content\/uploads\/2024\/10\/photo_2024-10-21_19-41-09.jpg'><img loading=\"lazy\" decoding=\"async\" width=\"1280\" height=\"853\" src=\"https:\/\/archive.sana.sy\/es\/wp-content\/uploads\/2024\/10\/photo_2024-10-21_19-41-09.jpg\" class=\"attachment-full size-full\" alt=\"\" srcset=\"https:\/\/archive.sana.sy\/es\/wp-content\/uploads\/2024\/10\/photo_2024-10-21_19-41-09.jpg 1280w, https:\/\/archive.sana.sy\/es\/wp-content\/uploads\/2024\/10\/photo_2024-10-21_19-41-09-300x200.jpg 300w, https:\/\/archive.sana.sy\/es\/wp-content\/uploads\/2024\/10\/photo_2024-10-21_19-41-09-1024x682.jpg 1024w, https:\/\/archive.sana.sy\/es\/wp-content\/uploads\/2024\/10\/photo_2024-10-21_19-41-09-150x100.jpg 150w, https:\/\/archive.sana.sy\/es\/wp-content\/uploads\/2024\/10\/photo_2024-10-21_19-41-09-768x512.jpg 768w\" sizes=\"(max-width: 1280px) 100vw, 1280px\" \/><\/a>\n\t\t\t<\/div><\/figure>\n\t\t<\/div>\n\n<p style=\"text-align: justify;\">\n","protected":false},"excerpt":{"rendered":"<p>Damasco, 21 oct (SANA) El Ministerio de Defensa sirio inform\u00f3 que a las 17:17 hora local de este lunes, 21 de octubre, el enemigo israel\u00ed perpetr\u00f3 una agresi\u00f3n a\u00e9rea contra un autom\u00f3vil civil en el barrio residencial de Mezeh en Damasco. El ataque provoc\u00f3 la muerte de dos civiles y lesiones a otros tres, adem\u00e1s &hellip;<\/p>\n","protected":false},"author":43,"featured_media":340951,"comment_status":"closed","ping_status":"closed","sticky":false,"template":"","format":"standard","meta":{"footnotes":""},"categories":[597,20724,476,583],"tags":[],"class_list":["post-340950","post","type-post","status-publish","format-standard","has-post-thumbnail","","category-cinta-de-noticias","category-minuto-a-minuto","category-locales","category-slide"],"_links":{"self":[{"href":"https:\/\/archive.sana.sy\/es\/index.php?rest_route=\/wp\/v2\/posts\/340950"}],"collection":[{"href":"https:\/\/archive.sana.sy\/es\/index.php?rest_route=\/wp\/v2\/posts"}],"about":[{"href":"https:\/\/archive.sana.sy\/es\/index.php?rest_route=\/wp\/v2\/types\/post"}],"author":[{"embeddable":true,"href":"https:\/\/archive.sana.sy\/es\/index.php?rest_route=\/wp\/v2\/users\/43"}],"replies":[{"embeddable":true,"href":"https:\/\/archive.sana.sy\/es\/index.php?rest_route=%2Fwp%2Fv2%2Fcomments&post=340950"}],"version-history":[{"count":3,"href":"https:\/\/archive.sana.sy\/es\/index.php?rest_route=\/wp\/v2\/posts\/340950\/revisions"}],"predecessor-version":[{"id":340964,"href":"https:\/\/archive.sana.sy\/es\/index.php?rest_route=\/wp\/v2\/posts\/340950\/revisions\/340964"}],"wp:featuredmedia":[{"embeddable":true,"href":"https:\/\/archive.sana.sy\/es\/index.php?rest_route=\/wp\/v2\/media\/340951"}],"wp:attachment":[{"href":"https:\/\/archive.sana.sy\/es\/index.php?rest_route=%2Fwp%2Fv2%2Fmedia&parent=340950"}],"wp:term":[{"taxonomy":"category","embeddable":true,"href":"https:\/\/archive.sana.sy\/es\/index.php?rest_route=%2Fwp%2Fv2%2Fcategories&post=340950"},{"taxonomy":"post_tag","embeddable":true,"href":"https:\/\/archive.sana.sy\/es\/index.php?rest_route=%2Fwp%2Fv2%2Ftags&post=340950"}],"curies":[{"name":"wp","href":"https:\/\/api.w.org\/{rel}","templated":true}]}}