{"id":340966,"date":"2024-10-21T19:56:50","date_gmt":"2024-10-21T16:56:50","guid":{"rendered":"https:\/\/sana.sy\/es\/?p=340966"},"modified":"2024-10-21T20:31:40","modified_gmt":"2024-10-21T17:31:40","slug":"vicepresidente-de-siria-y-cancilleres-de-argelia-e-iraq-abordan-acontecimientos-en-la-region-y-esfuerzos-para-detener-agresiones-israelies","status":"publish","type":"post","link":"https:\/\/archive.sana.sy\/es\/?p=340966","title":{"rendered":"Vicepresidente de Siria y Embajadores de Argelia e Iraq abordan acontecimientos en la regi\u00f3n y esfuerzos para detener agresiones israel\u00edes"},"content":{"rendered":"<p style=\"text-align: justify;\"><span style=\"color: #800000;\"><strong>Damasco, 21 oct (SANA)<\/strong><\/span> El vicepresidente de la Rep\u00fablica, Faisal Al-Mekdad, sostuvo una reuni\u00f3n con el embajador de Argelia en Damasco, Kamal Bouchama, durante la cual ambos analizaron los acontecimientos actuales en la regi\u00f3n a la luz de las continuas agresiones israel\u00edes contra Gaza, L\u00edbano y Siria.<\/p>\n<p style=\"text-align: justify;\">Asimismo, las partes enfatizaron la necesidad de movilizar esfuerzos para cesar, de inmediato, los ataques sionistas y garantizar que \u201cIsrael\u201d rinda cuentas por sus pr\u00e1cticas criminales.<\/p>\n<p style=\"text-align: justify;\">Adem\u00e1s, el Vicepresidente de la Rep\u00fablica resalt\u00f3 las arraigadas\u00a0 relaciones sirio-argelinas y destac\u00f3 la necesidad de continuar desarroll\u00e1ndolas en diversos campos para el bien y el inter\u00e9s de los dos pueblos hermanos.<\/p>\n<p style=\"text-align: justify;\">Tambi\u00e9n expres\u00f3 el agradecimiento de Siria por el importante y eficaz papel desempe\u00f1ado por Argelia en la defensa de las cuestiones \u00e1rabes a trav\u00e9s de su actual membres\u00eda en el Consejo de Seguridad.<\/p>\n<p style=\"text-align: justify;\">Por su parte, el Embajador argelino recalc\u00f3 los distinguidos v\u00ednculos entre ambos pa\u00edses y la importancia de intensificar la cooperaci\u00f3n bilateral para fortalecerlos y se\u00f1al\u00f3 la importancia de continuar la coordinaci\u00f3n y consulta sobre todos los temas de inter\u00e9s com\u00fan.<\/p>\n<p style=\"text-align: justify;\"><img loading=\"lazy\" decoding=\"async\" class=\"size-medium wp-image-340968 alignright\" src=\"http:\/\/sana.sy\/es\/wp-content\/uploads\/2024\/10\/Vicepresidente-de-Siria-y-cancilleres-de-Argelia-e-Iraq-abordan-acontecimientos-en-la-region-y-esfuerzos-para-detener-agresiones-israelies0-300x161.jpeg\" alt=\"\" width=\"300\" height=\"161\" srcset=\"https:\/\/archive.sana.sy\/es\/wp-content\/uploads\/2024\/10\/Vicepresidente-de-Siria-y-cancilleres-de-Argelia-e-Iraq-abordan-acontecimientos-en-la-region-y-esfuerzos-para-detener-agresiones-israelies0-300x161.jpeg 300w, https:\/\/archive.sana.sy\/es\/wp-content\/uploads\/2024\/10\/Vicepresidente-de-Siria-y-cancilleres-de-Argelia-e-Iraq-abordan-acontecimientos-en-la-region-y-esfuerzos-para-detener-agresiones-israelies0-1024x550.jpeg 1024w, https:\/\/archive.sana.sy\/es\/wp-content\/uploads\/2024\/10\/Vicepresidente-de-Siria-y-cancilleres-de-Argelia-e-Iraq-abordan-acontecimientos-en-la-region-y-esfuerzos-para-detener-agresiones-israelies0-150x81.jpeg 150w, https:\/\/archive.sana.sy\/es\/wp-content\/uploads\/2024\/10\/Vicepresidente-de-Siria-y-cancilleres-de-Argelia-e-Iraq-abordan-acontecimientos-en-la-region-y-esfuerzos-para-detener-agresiones-israelies0-768x413.jpeg 768w, https:\/\/archive.sana.sy\/es\/wp-content\/uploads\/2024\/10\/Vicepresidente-de-Siria-y-cancilleres-de-Argelia-e-Iraq-abordan-acontecimientos-en-la-region-y-esfuerzos-para-detener-agresiones-israelies0-1536x826.jpeg 1536w, https:\/\/archive.sana.sy\/es\/wp-content\/uploads\/2024\/10\/Vicepresidente-de-Siria-y-cancilleres-de-Argelia-e-Iraq-abordan-acontecimientos-en-la-region-y-esfuerzos-para-detener-agresiones-israelies0-2048x1101.jpeg 2048w, https:\/\/archive.sana.sy\/es\/wp-content\/uploads\/2024\/10\/Vicepresidente-de-Siria-y-cancilleres-de-Argelia-e-Iraq-abordan-acontecimientos-en-la-region-y-esfuerzos-para-detener-agresiones-israelies0-310x165.jpeg 310w\" sizes=\"(max-width: 300px) 100vw, 300px\" \/><\/p>\n<p style=\"text-align: justify;\">De igual manera, Al-Mekdad sostuvo un encuentro con el encargado de Negocios de la Embajada de Iraq en Damasco, Yassin Sharif Al-Hujaimi, en el que el Vicepresidente de la Rep\u00fablica destac\u00f3 la profundidad de los lazos entre los dos pa\u00edses y los dos pueblos hermanos y se\u00f1al\u00f3 la necesidad de impulsarlos en las distintas esferas, as\u00ed como la coordinaci\u00f3n en temas de inter\u00e9s com\u00fan.<\/p>\n<p style=\"text-align: justify;\">El alto funcionario sirio se\u00f1al\u00f3 la importancia de la cooperaci\u00f3n existente entre los gobiernos sirio e iraqu\u00ed para enfrentar desaf\u00edos comunes, especialmente detener los cr\u00edmenes de genocidio cometidos por \u201cIsrael\u201d contra el pueblo palestino, su agresi\u00f3n contra el L\u00edbano y sus repetidos ataques contra Siria.<\/p>\n<p style=\"text-align: justify;\">A su vez, el diplom\u00e1tico iraqu\u00ed expres\u00f3 el gran aprecio de su pa\u00eds a Siria por haber abierto sus puertas a los desplazados libaneses y hacer todos los esfuerzos posibles para recibirlos, y asegur\u00f3 la continuaci\u00f3n de la cooperaci\u00f3n entre los dos pa\u00edses hermanos.<\/p>\n<p style=\"text-align: justify;\">ahs\/sm<\/p>\n","protected":false},"excerpt":{"rendered":"<p>Damasco, 21 oct (SANA) El vicepresidente de la Rep\u00fablica, Faisal Al-Mekdad, sostuvo una reuni\u00f3n con el embajador de Argelia en Damasco, Kamal Bouchama, durante la cual ambos analizaron los acontecimientos actuales en la regi\u00f3n a la luz de las continuas agresiones israel\u00edes contra Gaza, L\u00edbano y Siria. Asimismo, las partes enfatizaron la necesidad de movilizar &hellip;<\/p>\n","protected":false},"author":39,"featured_media":340967,"comment_status":"closed","ping_status":"closed","sticky":false,"template":"","format":"standard","meta":{"footnotes":""},"categories":[477,597,20724,467,583],"tags":[],"class_list":["post-340966","post","type-post","status-publish","format-standard","has-post-thumbnail","","category-noticias-edulcorantes","category-cinta-de-noticias","category-minuto-a-minuto","category-siria-y-el-mundo","category-slide"],"_links":{"self":[{"href":"https:\/\/archive.sana.sy\/es\/index.php?rest_route=\/wp\/v2\/posts\/340966"}],"collection":[{"href":"https:\/\/archive.sana.sy\/es\/index.php?rest_route=\/wp\/v2\/posts"}],"about":[{"href":"https:\/\/archive.sana.sy\/es\/index.php?rest_route=\/wp\/v2\/types\/post"}],"author":[{"embeddable":true,"href":"https:\/\/archive.sana.sy\/es\/index.php?rest_route=\/wp\/v2\/users\/39"}],"replies":[{"embeddable":true,"href":"https:\/\/archive.sana.sy\/es\/index.php?rest_route=%2Fwp%2Fv2%2Fcomments&post=340966"}],"version-history":[{"count":3,"href":"https:\/\/archive.sana.sy\/es\/index.php?rest_route=\/wp\/v2\/posts\/340966\/revisions"}],"predecessor-version":[{"id":340971,"href":"https:\/\/archive.sana.sy\/es\/index.php?rest_route=\/wp\/v2\/posts\/340966\/revisions\/340971"}],"wp:featuredmedia":[{"embeddable":true,"href":"https:\/\/archive.sana.sy\/es\/index.php?rest_route=\/wp\/v2\/media\/340967"}],"wp:attachment":[{"href":"https:\/\/archive.sana.sy\/es\/index.php?rest_route=%2Fwp%2Fv2%2Fmedia&parent=340966"}],"wp:term":[{"taxonomy":"category","embeddable":true,"href":"https:\/\/archive.sana.sy\/es\/index.php?rest_route=%2Fwp%2Fv2%2Fcategories&post=340966"},{"taxonomy":"post_tag","embeddable":true,"href":"https:\/\/archive.sana.sy\/es\/index.php?rest_route=%2Fwp%2Fv2%2Ftags&post=340966"}],"curies":[{"name":"wp","href":"https:\/\/api.w.org\/{rel}","templated":true}]}}