{"id":340992,"date":"2024-10-22T16:09:28","date_gmt":"2024-10-22T13:09:28","guid":{"rendered":"https:\/\/sana.sy\/es\/?p=340992"},"modified":"2024-10-22T16:09:35","modified_gmt":"2024-10-22T13:09:35","slug":"escalada-israeli-contra-gaza-eleva-cifra-de-muertos-y-heridos","status":"publish","type":"post","link":"https:\/\/archive.sana.sy\/es\/?p=340992","title":{"rendered":"Escalada israel\u00ed contra Gaza eleva cifra de muertos y heridos"},"content":{"rendered":"<p style=\"text-align: justify;\"><span style=\"color: #800000;\"><strong>Jerusal\u00e9n ocupada, 22 oct (SANA)<\/strong> <\/span>El Ministerio de Salud palestino anunci\u00f3 hoy que el ocupante israel\u00ed cometi\u00f3 durante las \u00faltimas 24 horas, siete masacres en la Franja de Gaza, con un saldo de 115 muertos y 487 heridos.<\/p>\n<p style=\"text-align: justify;\">Por medio de un comunicado, el Ministerio inform\u00f3 que la cifra total de v\u00edctimas durante 382 d\u00edas de agresi\u00f3n aument\u00f3 a 42 mil 718 muertos y 100 mil heridos.<\/p>\n<p style=\"text-align: justify;\">Precis\u00f3 que miles de v\u00edctimas todav\u00eda se encuentran bajo los escombros y en las carreteras, y las ambulancias y equipos de defensa civil no pueden llegar a ellos.<\/p>\n<p style=\"text-align: justify;\">A su vez, el director general del Ministerio en Gaza, Munir Al-Bersh, denunci\u00f3 que las fuerzas de ocupaci\u00f3n israel\u00ed est\u00e1n cometiendo cr\u00edmenes y los palestinos viven en un laberinto de muerte como resultado de la maquinaria b\u00e9lica asesina de \u201cIsrael\u201d.<\/p>\n<p style=\"text-align: justify;\">Agreg\u00f3 que no hay lugar seguro en el norte de la Franja de Gaza, tampoco hay unidades de cuidados intensivos y hay una grave escasez de m\u00e9dicos, lo que causa la muerte de muchos heridos.<\/p>\n<p style=\"text-align: justify;\">Por su parte, el portavoz de Defensa Civil en Gaza, Mahmoud Basal, revel\u00f3 que el ocupante contin\u00faa su pol\u00edtica de matanzas, genocidio y limpieza \u00e9tnica en el norte de Gaza, y asegur\u00f3 que desde que el ocupante intensific\u00f3 su agresi\u00f3n, el hospital Kamal Adwan recibi\u00f3 a 600 muertos y heridos, mientras cientos de personas se encuentran desaparecidas, precis\u00f3 el directivo.<\/p>\n<p style=\"text-align: justify;\">fm\/as<\/p>\n","protected":false},"excerpt":{"rendered":"<p>Jerusal\u00e9n ocupada, 22 oct (SANA) El Ministerio de Salud palestino anunci\u00f3 hoy que el ocupante israel\u00ed cometi\u00f3 durante las \u00faltimas 24 horas, siete masacres en la Franja de Gaza, con un saldo de 115 muertos y 487 heridos. Por medio de un comunicado, el Ministerio inform\u00f3 que la cifra total de v\u00edctimas durante 382 d\u00edas &hellip;<\/p>\n","protected":false},"author":42,"featured_media":340994,"comment_status":"closed","ping_status":"closed","sticky":false,"template":"","format":"standard","meta":{"footnotes":""},"categories":[597,456,16687,20724,583],"tags":[],"class_list":["post-340992","post","type-post","status-publish","format-standard","has-post-thumbnail","","category-cinta-de-noticias","category-arabe-internacional-politica","category-internacionales","category-minuto-a-minuto","category-slide"],"_links":{"self":[{"href":"https:\/\/archive.sana.sy\/es\/index.php?rest_route=\/wp\/v2\/posts\/340992"}],"collection":[{"href":"https:\/\/archive.sana.sy\/es\/index.php?rest_route=\/wp\/v2\/posts"}],"about":[{"href":"https:\/\/archive.sana.sy\/es\/index.php?rest_route=\/wp\/v2\/types\/post"}],"author":[{"embeddable":true,"href":"https:\/\/archive.sana.sy\/es\/index.php?rest_route=\/wp\/v2\/users\/42"}],"replies":[{"embeddable":true,"href":"https:\/\/archive.sana.sy\/es\/index.php?rest_route=%2Fwp%2Fv2%2Fcomments&post=340992"}],"version-history":[{"count":1,"href":"https:\/\/archive.sana.sy\/es\/index.php?rest_route=\/wp\/v2\/posts\/340992\/revisions"}],"predecessor-version":[{"id":340995,"href":"https:\/\/archive.sana.sy\/es\/index.php?rest_route=\/wp\/v2\/posts\/340992\/revisions\/340995"}],"wp:featuredmedia":[{"embeddable":true,"href":"https:\/\/archive.sana.sy\/es\/index.php?rest_route=\/wp\/v2\/media\/340994"}],"wp:attachment":[{"href":"https:\/\/archive.sana.sy\/es\/index.php?rest_route=%2Fwp%2Fv2%2Fmedia&parent=340992"}],"wp:term":[{"taxonomy":"category","embeddable":true,"href":"https:\/\/archive.sana.sy\/es\/index.php?rest_route=%2Fwp%2Fv2%2Fcategories&post=340992"},{"taxonomy":"post_tag","embeddable":true,"href":"https:\/\/archive.sana.sy\/es\/index.php?rest_route=%2Fwp%2Fv2%2Ftags&post=340992"}],"curies":[{"name":"wp","href":"https:\/\/api.w.org\/{rel}","templated":true}]}}