{"id":341002,"date":"2024-10-22T16:35:23","date_gmt":"2024-10-22T13:35:23","guid":{"rendered":"https:\/\/sana.sy\/es\/?p=341002"},"modified":"2024-10-22T16:36:36","modified_gmt":"2024-10-22T13:36:36","slug":"mueren-15-libaneses-por-incursiones-aereas-israelies","status":"publish","type":"post","link":"https:\/\/archive.sana.sy\/es\/?p=341002","title":{"rendered":"Mueren 15 libaneses por incursiones a\u00e9reas israel\u00edes"},"content":{"rendered":"<p style=\"text-align: justify;\"><span style=\"color: #800000;\"><strong>Beirut, 22 oct (SANA)<\/strong><\/span> El Ministerio de Salud liban\u00e9s anunci\u00f3 hoy que el n\u00famero de v\u00edctimas del ataque perpetrado por aviones b\u00e9licos israel\u00edes en la zona de Al-Janaa, en las proximidades del hospital Hariri, en el suburbio sur de Beirut, aument\u00f3 a 13 muertos y 57 heridos.<\/p>\n<p style=\"text-align: justify;\">En un comunicado, el Ministerio indic\u00f3 que entre las v\u00edctimas mortales hay un ni\u00f1o, mientras que el n\u00famero de heridos aument\u00f3 a 57 personas, entre ellas 17 fueron hospitalizadas, entre ellas siete se encuentran en estado cr\u00edtico.<\/p>\n<p style=\"text-align: justify;\">Precis\u00f3 que el ataque provoc\u00f3 importantes da\u00f1os en el hospital.<\/p>\n<p style=\"text-align: justify;\">En un contexto relacionado, la Agencia Nacional Libanesa de Noticias inform\u00f3 que un bombardeo israel\u00ed contra una casa en la localidad de Ansar provoc\u00f3 la muerte de dos personas.<\/p>\n<p style=\"text-align: justify;\">Seg\u00fan el medio, otro bombardeo en la zona de Kafr Joz en Nabatieh provoc\u00f3 la destrucci\u00f3n de tres edificios residenciales.<\/p>\n<p style=\"text-align: justify;\">El ataque tambi\u00e9n convirti\u00f3 un complejo residencial en escombros.<\/p>\n<p style=\"text-align: justify;\">fm\/as<\/p>\n","protected":false},"excerpt":{"rendered":"<p>Beirut, 22 oct (SANA) El Ministerio de Salud liban\u00e9s anunci\u00f3 hoy que el n\u00famero de v\u00edctimas del ataque perpetrado por aviones b\u00e9licos israel\u00edes en la zona de Al-Janaa, en las proximidades del hospital Hariri, en el suburbio sur de Beirut, aument\u00f3 a 13 muertos y 57 heridos. En un comunicado, el Ministerio indic\u00f3 que entre &hellip;<\/p>\n","protected":false},"author":42,"featured_media":341003,"comment_status":"closed","ping_status":"closed","sticky":false,"template":"","format":"standard","meta":{"footnotes":""},"categories":[597,456,16687,20724,7541],"tags":[],"class_list":["post-341002","post","type-post","status-publish","format-standard","has-post-thumbnail","","category-cinta-de-noticias","category-arabe-internacional-politica","category-internacionales","category-minuto-a-minuto","category-ultimas-noticias"],"_links":{"self":[{"href":"https:\/\/archive.sana.sy\/es\/index.php?rest_route=\/wp\/v2\/posts\/341002"}],"collection":[{"href":"https:\/\/archive.sana.sy\/es\/index.php?rest_route=\/wp\/v2\/posts"}],"about":[{"href":"https:\/\/archive.sana.sy\/es\/index.php?rest_route=\/wp\/v2\/types\/post"}],"author":[{"embeddable":true,"href":"https:\/\/archive.sana.sy\/es\/index.php?rest_route=\/wp\/v2\/users\/42"}],"replies":[{"embeddable":true,"href":"https:\/\/archive.sana.sy\/es\/index.php?rest_route=%2Fwp%2Fv2%2Fcomments&post=341002"}],"version-history":[{"count":1,"href":"https:\/\/archive.sana.sy\/es\/index.php?rest_route=\/wp\/v2\/posts\/341002\/revisions"}],"predecessor-version":[{"id":341004,"href":"https:\/\/archive.sana.sy\/es\/index.php?rest_route=\/wp\/v2\/posts\/341002\/revisions\/341004"}],"wp:featuredmedia":[{"embeddable":true,"href":"https:\/\/archive.sana.sy\/es\/index.php?rest_route=\/wp\/v2\/media\/341003"}],"wp:attachment":[{"href":"https:\/\/archive.sana.sy\/es\/index.php?rest_route=%2Fwp%2Fv2%2Fmedia&parent=341002"}],"wp:term":[{"taxonomy":"category","embeddable":true,"href":"https:\/\/archive.sana.sy\/es\/index.php?rest_route=%2Fwp%2Fv2%2Fcategories&post=341002"},{"taxonomy":"post_tag","embeddable":true,"href":"https:\/\/archive.sana.sy\/es\/index.php?rest_route=%2Fwp%2Fv2%2Ftags&post=341002"}],"curies":[{"name":"wp","href":"https:\/\/api.w.org\/{rel}","templated":true}]}}