{"id":341005,"date":"2024-10-22T17:55:16","date_gmt":"2024-10-22T14:55:16","guid":{"rendered":"https:\/\/sana.sy\/es\/?p=341005"},"modified":"2024-10-22T19:55:37","modified_gmt":"2024-10-22T16:55:37","slug":"libano-anuncia-nuevo-saldo-de-victimas-por-la-continua-agresion-israeli","status":"publish","type":"post","link":"https:\/\/archive.sana.sy\/es\/?p=341005","title":{"rendered":"L\u00edbano anuncia nuevo saldo de v\u00edctimas por la continua agresi\u00f3n israel\u00ed"},"content":{"rendered":"<p style=\"text-align: justify\"><span style=\"color: #800000\"><strong>Beirut, 22 oct (SANA)<\/strong><\/span> El Ministerio de Salud liban\u00e9s anunci\u00f3 hoy que el saldo de v\u00edctimas de la actual agresi\u00f3n israel\u00ed contra el L\u00edbano ha ascendido a 2.546 m\u00e1rtires y 11.862 heridos.<\/p>\n<p style=\"text-align: justify\">Durante las \u00faltimas 24 horas, el enemigo israel\u00ed mat\u00f3 a 63 personas y caus\u00f3 234 heridos, lo que eleva el n\u00famero de v\u00edctimas por las continuas agresiones israel\u00edes a 2.546 m\u00e1rtires y 11.862 heridos, cit\u00f3 la Agencia Nacional de Noticias del L\u00edbano a la entidad de salud.<\/p>\n<p style=\"text-align: justify\">Al menos cinco personas perdieron la vida y otras resultaron heridas hoy en ataques de la aviaci\u00f3n del enemigo contra varias regiones libanesas.<\/p>\n<p style=\"text-align: justify\">la<\/p>\n","protected":false},"excerpt":{"rendered":"<p>Beirut, 22 oct (SANA) El Ministerio de Salud liban\u00e9s anunci\u00f3 hoy que el saldo de v\u00edctimas de la actual agresi\u00f3n israel\u00ed contra el L\u00edbano ha ascendido a 2.546 m\u00e1rtires y 11.862 heridos. Durante las \u00faltimas 24 horas, el enemigo israel\u00ed mat\u00f3 a 63 personas y caus\u00f3 234 heridos, lo que eleva el n\u00famero de v\u00edctimas &hellip;<\/p>\n","protected":false},"author":24,"featured_media":341006,"comment_status":"closed","ping_status":"closed","sticky":false,"template":"","format":"standard","meta":{"footnotes":""},"categories":[597,456,20724,583],"tags":[],"class_list":["post-341005","post","type-post","status-publish","format-standard","has-post-thumbnail","","category-cinta-de-noticias","category-arabe-internacional-politica","category-minuto-a-minuto","category-slide"],"_links":{"self":[{"href":"https:\/\/archive.sana.sy\/es\/index.php?rest_route=\/wp\/v2\/posts\/341005"}],"collection":[{"href":"https:\/\/archive.sana.sy\/es\/index.php?rest_route=\/wp\/v2\/posts"}],"about":[{"href":"https:\/\/archive.sana.sy\/es\/index.php?rest_route=\/wp\/v2\/types\/post"}],"author":[{"embeddable":true,"href":"https:\/\/archive.sana.sy\/es\/index.php?rest_route=\/wp\/v2\/users\/24"}],"replies":[{"embeddable":true,"href":"https:\/\/archive.sana.sy\/es\/index.php?rest_route=%2Fwp%2Fv2%2Fcomments&post=341005"}],"version-history":[{"count":1,"href":"https:\/\/archive.sana.sy\/es\/index.php?rest_route=\/wp\/v2\/posts\/341005\/revisions"}],"predecessor-version":[{"id":341007,"href":"https:\/\/archive.sana.sy\/es\/index.php?rest_route=\/wp\/v2\/posts\/341005\/revisions\/341007"}],"wp:featuredmedia":[{"embeddable":true,"href":"https:\/\/archive.sana.sy\/es\/index.php?rest_route=\/wp\/v2\/media\/341006"}],"wp:attachment":[{"href":"https:\/\/archive.sana.sy\/es\/index.php?rest_route=%2Fwp%2Fv2%2Fmedia&parent=341005"}],"wp:term":[{"taxonomy":"category","embeddable":true,"href":"https:\/\/archive.sana.sy\/es\/index.php?rest_route=%2Fwp%2Fv2%2Fcategories&post=341005"},{"taxonomy":"post_tag","embeddable":true,"href":"https:\/\/archive.sana.sy\/es\/index.php?rest_route=%2Fwp%2Fv2%2Ftags&post=341005"}],"curies":[{"name":"wp","href":"https:\/\/api.w.org\/{rel}","templated":true}]}}