{"id":341008,"date":"2024-10-22T18:53:26","date_gmt":"2024-10-22T15:53:26","guid":{"rendered":"https:\/\/sana.sy\/es\/?p=341008"},"modified":"2024-10-22T19:03:38","modified_gmt":"2024-10-22T16:03:38","slug":"eeuu-es-el-origen-del-terrorismo-denuncia-responsable-mediatico-de-hezbola","status":"publish","type":"post","link":"https:\/\/archive.sana.sy\/es\/?p=341008","title":{"rendered":"EEUU es el origen del terrorismo, denuncia responsable medi\u00e1tico de Hezbol\u00e1"},"content":{"rendered":"<p style=\"text-align: justify\"><span style=\"color: #800000\"><strong>Beirut, 22 oct (SANA)<\/strong><\/span> El encargado \u00a0de asuntos medi\u00e1ticos del partido de la Resistencia libanesa \u201cHezbol\u00e1\u201d, Mohamad Afif, denunci\u00f3 que Estados Unidos es el socio de la entidad israel\u00ed en su agresi\u00f3n israel\u00ed contra el L\u00edbano y su pueblo, confirm\u00f3 que la resistencia ha recuperado sus capacidades y sus operaciones siguen en un ritmo creciente.<\/p>\n<p style=\"text-align: justify\">&#8220;Estados Unidos es el principal responsable de las atroces masacres que afectan a nuestro pueblo, y la llegada de su enviado a Beirut no cambiar\u00e1 la realidad de que este pa\u00eds es el origen del terrorismo\u201d, se\u00f1al\u00f3 Afif durante una rueda prensa celebrada este martes.<\/p>\n<p style=\"text-align: justify\">Subray\u00f3 que &#8220;las negociaciones bajo el fuego no se puede aceptar\u201d.<\/p>\n<p style=\"text-align: justify\">El responsable medi\u00e1tico reivindic\u00f3 la plena responsabilidad de la Resistencia libanesa por la operaci\u00f3n de Cesarea y el ataque contra la casa del primer ministro del ocupante israel\u00ed, Benjam\u00edn Netanyahu.<\/p>\n<p style=\"text-align: justify\">Asimismo confirm\u00f3 que el apoyo militar y log\u00edstico a la Resistencia libanesa han vuelto a ser como antes, ya que el enemigo ha sufrido grandes bajas y perdidas en su material b\u00e9lico debido a las continuas y crecientes operaciones de Hezbol\u00e1.<\/p>\n<p style=\"text-align: justify\">Tach\u00f3 de \u201cpretextos d\u00e9biles e infundados\u201d, los permanentes discursos del enemigo israel\u00ed sobre \u201cla presencia de dep\u00f3sitos de armas y talleres de desarrollo de armas en zonas residenciales y civiles.<\/p>\n<p style=\"text-align: justify\">la<\/p>\n","protected":false},"excerpt":{"rendered":"<p>Beirut, 22 oct (SANA) El encargado \u00a0de asuntos medi\u00e1ticos del partido de la Resistencia libanesa \u201cHezbol\u00e1\u201d, Mohamad Afif, denunci\u00f3 que Estados Unidos es el socio de la entidad israel\u00ed en su agresi\u00f3n israel\u00ed contra el L\u00edbano y su pueblo, confirm\u00f3 que la resistencia ha recuperado sus capacidades y sus operaciones siguen en un ritmo creciente. &hellip;<\/p>\n","protected":false},"author":24,"featured_media":341009,"comment_status":"closed","ping_status":"closed","sticky":false,"template":"","format":"standard","meta":{"footnotes":""},"categories":[597,456,20724,7541],"tags":[],"class_list":["post-341008","post","type-post","status-publish","format-standard","has-post-thumbnail","","category-cinta-de-noticias","category-arabe-internacional-politica","category-minuto-a-minuto","category-ultimas-noticias"],"_links":{"self":[{"href":"https:\/\/archive.sana.sy\/es\/index.php?rest_route=\/wp\/v2\/posts\/341008"}],"collection":[{"href":"https:\/\/archive.sana.sy\/es\/index.php?rest_route=\/wp\/v2\/posts"}],"about":[{"href":"https:\/\/archive.sana.sy\/es\/index.php?rest_route=\/wp\/v2\/types\/post"}],"author":[{"embeddable":true,"href":"https:\/\/archive.sana.sy\/es\/index.php?rest_route=\/wp\/v2\/users\/24"}],"replies":[{"embeddable":true,"href":"https:\/\/archive.sana.sy\/es\/index.php?rest_route=%2Fwp%2Fv2%2Fcomments&post=341008"}],"version-history":[{"count":4,"href":"https:\/\/archive.sana.sy\/es\/index.php?rest_route=\/wp\/v2\/posts\/341008\/revisions"}],"predecessor-version":[{"id":341013,"href":"https:\/\/archive.sana.sy\/es\/index.php?rest_route=\/wp\/v2\/posts\/341008\/revisions\/341013"}],"wp:featuredmedia":[{"embeddable":true,"href":"https:\/\/archive.sana.sy\/es\/index.php?rest_route=\/wp\/v2\/media\/341009"}],"wp:attachment":[{"href":"https:\/\/archive.sana.sy\/es\/index.php?rest_route=%2Fwp%2Fv2%2Fmedia&parent=341008"}],"wp:term":[{"taxonomy":"category","embeddable":true,"href":"https:\/\/archive.sana.sy\/es\/index.php?rest_route=%2Fwp%2Fv2%2Fcategories&post=341008"},{"taxonomy":"post_tag","embeddable":true,"href":"https:\/\/archive.sana.sy\/es\/index.php?rest_route=%2Fwp%2Fv2%2Ftags&post=341008"}],"curies":[{"name":"wp","href":"https:\/\/api.w.org\/{rel}","templated":true}]}}