{"id":341014,"date":"2024-10-22T19:40:59","date_gmt":"2024-10-22T16:40:59","guid":{"rendered":"https:\/\/sana.sy\/es\/?p=341014"},"modified":"2024-10-22T19:40:59","modified_gmt":"2024-10-22T16:40:59","slug":"rusia-no-descarta-una-confrontacion-directa-con-eeuu","status":"publish","type":"post","link":"https:\/\/archive.sana.sy\/es\/?p=341014","title":{"rendered":"Rusia no descarta una confrontaci\u00f3n directa con EEUU"},"content":{"rendered":"<p style=\"text-align: justify\"><span style=\"color: #800000\"><strong>Mosc\u00fa,22 oct (SANA)<\/strong> <\/span>El viceministro ruso de Asuntos Exteriores de Rusia, Sergu\u00e9i Ryabkov no descart\u00f3 una confrontaci\u00f3n directa entre Rusia y Estados Unidos, durante una entrevista con el peri\u00f3dico serbio Politika.<\/p>\n<p style=\"text-align: justify\">&#8220;Nuestras relaciones est\u00e1n en su punto m\u00e1s bajo en d\u00e9cadas, y no se deben subestimar los riesgos de una confrontaci\u00f3n directa entre Rusia y Estados Unidos&#8221;, afirm\u00f3 el alto diplom\u00e1tico ruso, e hizo referencia a &#8220;los interminables intentos de Washington de poner a prueba la paciencia de Rusia en todos los \u00e1mbitos&#8221;.<\/p>\n<p style=\"text-align: justify\">Calific\u00f3 \u201cde muy peligrosa\u201d la situaci\u00f3n en la que \u201clos adversarios de Rusia\u201d tratan de instigar la Alianza del Atl\u00e1ntico Norte en contra Rusia de &#8220;para complacer a Kiev&#8221;.<\/p>\n<p>la<\/p>\n","protected":false},"excerpt":{"rendered":"<p>Mosc\u00fa,22 oct (SANA) El viceministro ruso de Asuntos Exteriores de Rusia, Sergu\u00e9i Ryabkov no descart\u00f3 una confrontaci\u00f3n directa entre Rusia y Estados Unidos, durante una entrevista con el peri\u00f3dico serbio Politika. &#8220;Nuestras relaciones est\u00e1n en su punto m\u00e1s bajo en d\u00e9cadas, y no se deben subestimar los riesgos de una confrontaci\u00f3n directa entre Rusia y &hellip;<\/p>\n","protected":false},"author":24,"featured_media":341015,"comment_status":"closed","ping_status":"closed","sticky":false,"template":"","format":"standard","meta":{"footnotes":""},"categories":[597,456,20724,7541],"tags":[],"class_list":["post-341014","post","type-post","status-publish","format-standard","has-post-thumbnail","","category-cinta-de-noticias","category-arabe-internacional-politica","category-minuto-a-minuto","category-ultimas-noticias"],"_links":{"self":[{"href":"https:\/\/archive.sana.sy\/es\/index.php?rest_route=\/wp\/v2\/posts\/341014"}],"collection":[{"href":"https:\/\/archive.sana.sy\/es\/index.php?rest_route=\/wp\/v2\/posts"}],"about":[{"href":"https:\/\/archive.sana.sy\/es\/index.php?rest_route=\/wp\/v2\/types\/post"}],"author":[{"embeddable":true,"href":"https:\/\/archive.sana.sy\/es\/index.php?rest_route=\/wp\/v2\/users\/24"}],"replies":[{"embeddable":true,"href":"https:\/\/archive.sana.sy\/es\/index.php?rest_route=%2Fwp%2Fv2%2Fcomments&post=341014"}],"version-history":[{"count":1,"href":"https:\/\/archive.sana.sy\/es\/index.php?rest_route=\/wp\/v2\/posts\/341014\/revisions"}],"predecessor-version":[{"id":341016,"href":"https:\/\/archive.sana.sy\/es\/index.php?rest_route=\/wp\/v2\/posts\/341014\/revisions\/341016"}],"wp:featuredmedia":[{"embeddable":true,"href":"https:\/\/archive.sana.sy\/es\/index.php?rest_route=\/wp\/v2\/media\/341015"}],"wp:attachment":[{"href":"https:\/\/archive.sana.sy\/es\/index.php?rest_route=%2Fwp%2Fv2%2Fmedia&parent=341014"}],"wp:term":[{"taxonomy":"category","embeddable":true,"href":"https:\/\/archive.sana.sy\/es\/index.php?rest_route=%2Fwp%2Fv2%2Fcategories&post=341014"},{"taxonomy":"post_tag","embeddable":true,"href":"https:\/\/archive.sana.sy\/es\/index.php?rest_route=%2Fwp%2Fv2%2Ftags&post=341014"}],"curies":[{"name":"wp","href":"https:\/\/api.w.org\/{rel}","templated":true}]}}