{"id":341076,"date":"2024-10-23T13:35:08","date_gmt":"2024-10-23T10:35:08","guid":{"rendered":"https:\/\/sana.sy\/es\/?p=341076"},"modified":"2024-10-23T13:35:28","modified_gmt":"2024-10-23T10:35:28","slug":"siria-e-iraq-examinan-las-formas-de-desarrollar-la-cooperacion-bilateral","status":"publish","type":"post","link":"https:\/\/archive.sana.sy\/es\/?p=341076","title":{"rendered":"Siria e Iraq examinan las formas de desarrollar la cooperaci\u00f3n bilateral"},"content":{"rendered":"<p style=\"text-align: justify;\"><span style=\"color: #800000;\"><strong>Baghdad, 23 oct (SANA) <\/strong><\/span>El ministro del Interior iraqu\u00ed, Abdul Amir al-Shammari, recibi\u00f3 hoy al embajador sirio en Bagdad, Sattam Jadaan Al-Dandah, con quien abord\u00f3 las v\u00edas de fortalecer la cooperaci\u00f3n conjunta en los campos de seguridad.<\/p>\n<p style=\"text-align: justify;\">Durante el encuentro, el embajador sirio destac\u00f3 la importancia de las relaciones hist\u00f3ricas entre los dos pa\u00edses y la voluntad de desarrollarlas de manera que favorezca la seguridad y la estabilidad.<\/p>\n<p style=\"text-align: justify;\">Las conversaciones trataron tambi\u00e9n sobre la sv\u00edas de mejorar la cooperaci\u00f3n conjunta, intercambiar visitas y fortificar las fronteras para prevenir la infiltraci\u00f3n terrorista entre los dos pa\u00edses.<\/p>\n<p style=\"text-align: justify;\">Asimismo, las dos partes discutieron los asuntos de la comunidad siria en Iraq y la necesidad de resolver sus problemas, brindarles facilidades y encontrar soluciones apropiadas y legales para ellos.<\/p>\n<p style=\"text-align: justify;\">as\/fm<\/p>\n","protected":false},"excerpt":{"rendered":"<p>Baghdad, 23 oct (SANA) El ministro del Interior iraqu\u00ed, Abdul Amir al-Shammari, recibi\u00f3 hoy al embajador sirio en Bagdad, Sattam Jadaan Al-Dandah, con quien abord\u00f3 las v\u00edas de fortalecer la cooperaci\u00f3n conjunta en los campos de seguridad. Durante el encuentro, el embajador sirio destac\u00f3 la importancia de las relaciones hist\u00f3ricas entre los dos pa\u00edses y &hellip;<\/p>\n","protected":false},"author":42,"featured_media":341077,"comment_status":"closed","ping_status":"closed","sticky":false,"template":"","format":"standard","meta":{"footnotes":""},"categories":[597,20724,467,7541],"tags":[],"class_list":["post-341076","post","type-post","status-publish","format-standard","has-post-thumbnail","","category-cinta-de-noticias","category-minuto-a-minuto","category-siria-y-el-mundo","category-ultimas-noticias"],"_links":{"self":[{"href":"https:\/\/archive.sana.sy\/es\/index.php?rest_route=\/wp\/v2\/posts\/341076"}],"collection":[{"href":"https:\/\/archive.sana.sy\/es\/index.php?rest_route=\/wp\/v2\/posts"}],"about":[{"href":"https:\/\/archive.sana.sy\/es\/index.php?rest_route=\/wp\/v2\/types\/post"}],"author":[{"embeddable":true,"href":"https:\/\/archive.sana.sy\/es\/index.php?rest_route=\/wp\/v2\/users\/42"}],"replies":[{"embeddable":true,"href":"https:\/\/archive.sana.sy\/es\/index.php?rest_route=%2Fwp%2Fv2%2Fcomments&post=341076"}],"version-history":[{"count":1,"href":"https:\/\/archive.sana.sy\/es\/index.php?rest_route=\/wp\/v2\/posts\/341076\/revisions"}],"predecessor-version":[{"id":341078,"href":"https:\/\/archive.sana.sy\/es\/index.php?rest_route=\/wp\/v2\/posts\/341076\/revisions\/341078"}],"wp:featuredmedia":[{"embeddable":true,"href":"https:\/\/archive.sana.sy\/es\/index.php?rest_route=\/wp\/v2\/media\/341077"}],"wp:attachment":[{"href":"https:\/\/archive.sana.sy\/es\/index.php?rest_route=%2Fwp%2Fv2%2Fmedia&parent=341076"}],"wp:term":[{"taxonomy":"category","embeddable":true,"href":"https:\/\/archive.sana.sy\/es\/index.php?rest_route=%2Fwp%2Fv2%2Fcategories&post=341076"},{"taxonomy":"post_tag","embeddable":true,"href":"https:\/\/archive.sana.sy\/es\/index.php?rest_route=%2Fwp%2Fv2%2Ftags&post=341076"}],"curies":[{"name":"wp","href":"https:\/\/api.w.org\/{rel}","templated":true}]}}