{"id":341085,"date":"2024-10-23T14:48:37","date_gmt":"2024-10-23T11:48:37","guid":{"rendered":"https:\/\/sana.sy\/es\/?p=341085"},"modified":"2024-10-23T17:15:24","modified_gmt":"2024-10-23T14:15:24","slug":"cifra-de-victimas-por-agresion-israeli-a-gaza-aumenta-a-mas-de-143-000","status":"publish","type":"post","link":"https:\/\/archive.sana.sy\/es\/?p=341085","title":{"rendered":"Cifra de v\u00edctimas por agresi\u00f3n israel\u00ed a Gaza aumenta a m\u00e1s de 143.000"},"content":{"rendered":"<p style=\"text-align: justify;\"><span style=\"color: #800000;\"><strong>Jerusal\u00e9n ocupada, 23 oct (SANA)<\/strong><\/span> El Ministerio de Salud palestino anunci\u00f3 hoy que el ocupante israel\u00ed cometi\u00f3 durante las \u00faltimas 24 horas, 6 masacres en la Franja de Gaza, con un saldo de 74 muertos y 130 heridos.<\/p>\n<p style=\"text-align: justify;\">El saldo total de v\u00edctimas durante 383 de agresi\u00f3n contra este enclave costero aument\u00f3 a 42 mil 792 muertos y 100 mil 412 heridos, revel\u00f3 el ente de salud.<\/p>\n<p style=\"text-align: justify;\"><img loading=\"lazy\" decoding=\"async\" class=\"wp-image-341099 alignleft\" src=\"http:\/\/sana.sy\/es\/wp-content\/uploads\/2024\/10\/89724286-b736-478f-b824-1cf596c367d2.jpg\" alt=\"\" width=\"263\" height=\"147\" srcset=\"https:\/\/archive.sana.sy\/es\/wp-content\/uploads\/2024\/10\/89724286-b736-478f-b824-1cf596c367d2.jpg 1600w, https:\/\/archive.sana.sy\/es\/wp-content\/uploads\/2024\/10\/89724286-b736-478f-b824-1cf596c367d2-300x168.jpg 300w, https:\/\/archive.sana.sy\/es\/wp-content\/uploads\/2024\/10\/89724286-b736-478f-b824-1cf596c367d2-1024x573.jpg 1024w, https:\/\/archive.sana.sy\/es\/wp-content\/uploads\/2024\/10\/89724286-b736-478f-b824-1cf596c367d2-150x84.jpg 150w, https:\/\/archive.sana.sy\/es\/wp-content\/uploads\/2024\/10\/89724286-b736-478f-b824-1cf596c367d2-768x430.jpg 768w, https:\/\/archive.sana.sy\/es\/wp-content\/uploads\/2024\/10\/89724286-b736-478f-b824-1cf596c367d2-1536x860.jpg 1536w\" sizes=\"(max-width: 263px) 100vw, 263px\" \/>Puntualiz\u00f3 que miles de v\u00edctimas todav\u00eda se encuentran bajo los escombros y en las carreteras, y las ambulancias y equipos de defensa civil no tienen acceso a ellos.<\/p>\n<p style=\"text-align: justify;\">Durante el d\u00eda de hoy, m\u00e1s de 26 palestinos murieron por bombardeos contra diversas zonas de la Franja de Gaza, 10 de ellos fueron v\u00edctimas mortales en un bombardeo contra una casa en Jabalia.<\/p>\n<p style=\"text-align: justify;\">fm\/as<\/p>\n","protected":false},"excerpt":{"rendered":"<p>Jerusal\u00e9n ocupada, 23 oct (SANA) El Ministerio de Salud palestino anunci\u00f3 hoy que el ocupante israel\u00ed cometi\u00f3 durante las \u00faltimas 24 horas, 6 masacres en la Franja de Gaza, con un saldo de 74 muertos y 130 heridos. El saldo total de v\u00edctimas durante 383 de agresi\u00f3n contra este enclave costero aument\u00f3 a 42 mil &hellip;<\/p>\n","protected":false},"author":42,"featured_media":341086,"comment_status":"closed","ping_status":"closed","sticky":false,"template":"","format":"standard","meta":{"footnotes":""},"categories":[597,456,16687,20724,583],"tags":[],"class_list":["post-341085","post","type-post","status-publish","format-standard","has-post-thumbnail","","category-cinta-de-noticias","category-arabe-internacional-politica","category-internacionales","category-minuto-a-minuto","category-slide"],"_links":{"self":[{"href":"https:\/\/archive.sana.sy\/es\/index.php?rest_route=\/wp\/v2\/posts\/341085"}],"collection":[{"href":"https:\/\/archive.sana.sy\/es\/index.php?rest_route=\/wp\/v2\/posts"}],"about":[{"href":"https:\/\/archive.sana.sy\/es\/index.php?rest_route=\/wp\/v2\/types\/post"}],"author":[{"embeddable":true,"href":"https:\/\/archive.sana.sy\/es\/index.php?rest_route=\/wp\/v2\/users\/42"}],"replies":[{"embeddable":true,"href":"https:\/\/archive.sana.sy\/es\/index.php?rest_route=%2Fwp%2Fv2%2Fcomments&post=341085"}],"version-history":[{"count":2,"href":"https:\/\/archive.sana.sy\/es\/index.php?rest_route=\/wp\/v2\/posts\/341085\/revisions"}],"predecessor-version":[{"id":341100,"href":"https:\/\/archive.sana.sy\/es\/index.php?rest_route=\/wp\/v2\/posts\/341085\/revisions\/341100"}],"wp:featuredmedia":[{"embeddable":true,"href":"https:\/\/archive.sana.sy\/es\/index.php?rest_route=\/wp\/v2\/media\/341086"}],"wp:attachment":[{"href":"https:\/\/archive.sana.sy\/es\/index.php?rest_route=%2Fwp%2Fv2%2Fmedia&parent=341085"}],"wp:term":[{"taxonomy":"category","embeddable":true,"href":"https:\/\/archive.sana.sy\/es\/index.php?rest_route=%2Fwp%2Fv2%2Fcategories&post=341085"},{"taxonomy":"post_tag","embeddable":true,"href":"https:\/\/archive.sana.sy\/es\/index.php?rest_route=%2Fwp%2Fv2%2Ftags&post=341085"}],"curies":[{"name":"wp","href":"https:\/\/api.w.org\/{rel}","templated":true}]}}