{"id":341102,"date":"2024-10-23T17:54:46","date_gmt":"2024-10-23T14:54:46","guid":{"rendered":"https:\/\/sana.sy\/es\/?p=341102"},"modified":"2024-10-23T17:55:14","modified_gmt":"2024-10-23T14:55:14","slug":"rusia-usara-armas-nucleares-en-caso-de-agresion-contra-bielorrusia","status":"publish","type":"post","link":"https:\/\/archive.sana.sy\/es\/?p=341102","title":{"rendered":"Rusia usar\u00e1 armas nucleares en caso de agresi\u00f3n contra Bielorrusia"},"content":{"rendered":"<p style=\"text-align: justify\"><span style=\"color: #800000\"><strong>Minsk, 23 oct (SANA)<\/strong><\/span> El ministro de Defensa ruso, Andr\u00e9i Belo\u00fasov, dijo hoy que la pol\u00edtica de Rusia adaptada a las nuevas realidades permite el uso de armas nucleares en caso de agresi\u00f3n contra Bielorrusia.<\/p>\n<p style=\"text-align: justify\">&#8220;Los cambios en la situaci\u00f3n militar y pol\u00edtica han hecho necesario aclarar los fundamentos de la pol\u00edtica estatal de la Federaci\u00f3n de Rusia en el \u00e1mbito de la disuasi\u00f3n nuclear&#8221;, coment\u00f3 Belo\u00fasov citado por RT, durante una reuni\u00f3n conjunta de los ministerios de Defensa de Rusia y Bielorrusia, que se celebra en Minsk.<\/p>\n<p style=\"text-align: justify\">A finales de septiembre, el presidente ruso, Vlad\u00edmir Putin, advirti\u00f3 que Mosc\u00fa se reserva &#8220;el derecho a utilizar armas nucleares en caso de agresi\u00f3n contra Rusia y Bielorrusia como miembro del Estado de la Uni\u00f3n&#8221;.<\/p>\n<p style=\"text-align: justify\">Seg\u00fan Putin, el derecho a utilizar armas at\u00f3micas surge &#8220;incluso si el enemigo, utilizando armas convencionales, crea una amenaza cr\u00edtica&#8221; a la soberan\u00eda de Rusia.<\/p>\n<p>&nbsp;<\/p>\n<p>fm\/la<\/p>\n","protected":false},"excerpt":{"rendered":"<p>Minsk, 23 oct (SANA) El ministro de Defensa ruso, Andr\u00e9i Belo\u00fasov, dijo hoy que la pol\u00edtica de Rusia adaptada a las nuevas realidades permite el uso de armas nucleares en caso de agresi\u00f3n contra Bielorrusia. &#8220;Los cambios en la situaci\u00f3n militar y pol\u00edtica han hecho necesario aclarar los fundamentos de la pol\u00edtica estatal de la &hellip;<\/p>\n","protected":false},"author":24,"featured_media":341104,"comment_status":"closed","ping_status":"closed","sticky":false,"template":"","format":"standard","meta":{"footnotes":""},"categories":[597,456,20724,7541],"tags":[],"class_list":["post-341102","post","type-post","status-publish","format-standard","has-post-thumbnail","","category-cinta-de-noticias","category-arabe-internacional-politica","category-minuto-a-minuto","category-ultimas-noticias"],"_links":{"self":[{"href":"https:\/\/archive.sana.sy\/es\/index.php?rest_route=\/wp\/v2\/posts\/341102"}],"collection":[{"href":"https:\/\/archive.sana.sy\/es\/index.php?rest_route=\/wp\/v2\/posts"}],"about":[{"href":"https:\/\/archive.sana.sy\/es\/index.php?rest_route=\/wp\/v2\/types\/post"}],"author":[{"embeddable":true,"href":"https:\/\/archive.sana.sy\/es\/index.php?rest_route=\/wp\/v2\/users\/24"}],"replies":[{"embeddable":true,"href":"https:\/\/archive.sana.sy\/es\/index.php?rest_route=%2Fwp%2Fv2%2Fcomments&post=341102"}],"version-history":[{"count":1,"href":"https:\/\/archive.sana.sy\/es\/index.php?rest_route=\/wp\/v2\/posts\/341102\/revisions"}],"predecessor-version":[{"id":341103,"href":"https:\/\/archive.sana.sy\/es\/index.php?rest_route=\/wp\/v2\/posts\/341102\/revisions\/341103"}],"wp:featuredmedia":[{"embeddable":true,"href":"https:\/\/archive.sana.sy\/es\/index.php?rest_route=\/wp\/v2\/media\/341104"}],"wp:attachment":[{"href":"https:\/\/archive.sana.sy\/es\/index.php?rest_route=%2Fwp%2Fv2%2Fmedia&parent=341102"}],"wp:term":[{"taxonomy":"category","embeddable":true,"href":"https:\/\/archive.sana.sy\/es\/index.php?rest_route=%2Fwp%2Fv2%2Fcategories&post=341102"},{"taxonomy":"post_tag","embeddable":true,"href":"https:\/\/archive.sana.sy\/es\/index.php?rest_route=%2Fwp%2Fv2%2Ftags&post=341102"}],"curies":[{"name":"wp","href":"https:\/\/api.w.org\/{rel}","templated":true}]}}