{"id":341108,"date":"2024-10-23T18:37:03","date_gmt":"2024-10-23T15:37:03","guid":{"rendered":"https:\/\/sana.sy\/es\/?p=341108"},"modified":"2024-10-23T18:59:07","modified_gmt":"2024-10-23T15:59:07","slug":"muertos-y-heridos-en-un-asalto-armado-contra-la-empresa-de-industrias-aeroespaciales-turca-en-ankara","status":"publish","type":"post","link":"https:\/\/archive.sana.sy\/es\/?p=341108","title":{"rendered":"Muertos y heridos en un asalto armado contra la Empresa de Industrias Aeroespaciales turca en Ankara"},"content":{"rendered":"<p style=\"text-align: justify\"><span style=\"color: #800000\"><strong>Ankara, 23 oct (SANA)<\/strong> <\/span>El Ministerio del Interior de Turkiye anunci\u00f3 hoy que se llev\u00f3 a cabo un se llev\u00f3 a cabo un ataque terrorista contra las instalaciones de la empresa a de industrias aeroespaciales turca (TUSA\u015e) en Ankara.<\/p>\n<p style=\"text-align: justify\">En su cuenta X, el ministro del interior turco, Ali Yerlikaya confirm\u00f3 que al menos tres personas perdieron la vida y otras 14 resultaron heridas a consecuencia de un asalto armado contra \u00a0las instalaciones de la Empresa Turca de Industrias Aeroespaciales.<\/p>\n<p style=\"text-align: justify\">Asimismo confirm\u00f3 que &#8220;dos terroristas fueron neutralizados&#8221;.<\/p>\n<p style=\"text-align: justify\">\u201cLos esfuerzos de identificaci\u00f3n de los terroristas contin\u00faan, cuando se conozcan sus identidades, compartiremos de qu\u00e9 organizaci\u00f3n terrorista son&#8221;, resalt\u00f3.<\/p>\n<p style=\"text-align: justify\">Por su parte, medios locales hab\u00edan informado que una explosi\u00f3n se produjo \u00a0en el lugar indicado, as\u00ed como se escucharon disparos. En este contexto, el canal Habert\u00fcrk resalt\u00f3 tambi\u00e9n que al lugar del incidente se desplazaron fuerzas de seguridad, bomberos y equipos m\u00e9dicos, y afirm\u00f3 que los armados tomaron rehenes.<\/p>\n<p style=\"text-align: justify\">A\u00fan ninguna parte \u00a0se ha atribuido la responsabilidad de la operaci\u00f3n.<\/p>\n<p style=\"text-align: justify\"><img loading=\"lazy\" decoding=\"async\" class=\"alignnone size-full wp-image-341112\" src=\"http:\/\/sana.sy\/es\/wp-content\/uploads\/2024\/10\/asalto-Empresa-Tusas-Ankara-2.jpg\" alt=\"\" width=\"660\" height=\"371\" srcset=\"https:\/\/archive.sana.sy\/es\/wp-content\/uploads\/2024\/10\/asalto-Empresa-Tusas-Ankara-2.jpg 660w, https:\/\/archive.sana.sy\/es\/wp-content\/uploads\/2024\/10\/asalto-Empresa-Tusas-Ankara-2-300x169.jpg 300w, https:\/\/archive.sana.sy\/es\/wp-content\/uploads\/2024\/10\/asalto-Empresa-Tusas-Ankara-2-150x84.jpg 150w\" sizes=\"(max-width: 660px) 100vw, 660px\" \/> <img loading=\"lazy\" decoding=\"async\" class=\"alignnone size-full wp-image-341113\" src=\"http:\/\/sana.sy\/es\/wp-content\/uploads\/2024\/10\/asalto-Empresa-Tusas-Ankara.jpg\" alt=\"\" width=\"660\" height=\"612\" srcset=\"https:\/\/archive.sana.sy\/es\/wp-content\/uploads\/2024\/10\/asalto-Empresa-Tusas-Ankara.jpg 660w, https:\/\/archive.sana.sy\/es\/wp-content\/uploads\/2024\/10\/asalto-Empresa-Tusas-Ankara-300x278.jpg 300w, https:\/\/archive.sana.sy\/es\/wp-content\/uploads\/2024\/10\/asalto-Empresa-Tusas-Ankara-150x139.jpg 150w\" sizes=\"(max-width: 660px) 100vw, 660px\" \/><\/p>\n<p style=\"text-align: justify\">la<\/p>\n","protected":false},"excerpt":{"rendered":"<p>Ankara, 23 oct (SANA) El Ministerio del Interior de Turkiye anunci\u00f3 hoy que se llev\u00f3 a cabo un se llev\u00f3 a cabo un ataque terrorista contra las instalaciones de la empresa a de industrias aeroespaciales turca (TUSA\u015e) en Ankara. En su cuenta X, el ministro del interior turco, Ali Yerlikaya confirm\u00f3 que al menos tres &hellip;<\/p>\n","protected":false},"author":24,"featured_media":341109,"comment_status":"closed","ping_status":"closed","sticky":false,"template":"","format":"standard","meta":{"footnotes":""},"categories":[597,456,20724,7541],"tags":[],"class_list":["post-341108","post","type-post","status-publish","format-standard","has-post-thumbnail","","category-cinta-de-noticias","category-arabe-internacional-politica","category-minuto-a-minuto","category-ultimas-noticias"],"_links":{"self":[{"href":"https:\/\/archive.sana.sy\/es\/index.php?rest_route=\/wp\/v2\/posts\/341108"}],"collection":[{"href":"https:\/\/archive.sana.sy\/es\/index.php?rest_route=\/wp\/v2\/posts"}],"about":[{"href":"https:\/\/archive.sana.sy\/es\/index.php?rest_route=\/wp\/v2\/types\/post"}],"author":[{"embeddable":true,"href":"https:\/\/archive.sana.sy\/es\/index.php?rest_route=\/wp\/v2\/users\/24"}],"replies":[{"embeddable":true,"href":"https:\/\/archive.sana.sy\/es\/index.php?rest_route=%2Fwp%2Fv2%2Fcomments&post=341108"}],"version-history":[{"count":6,"href":"https:\/\/archive.sana.sy\/es\/index.php?rest_route=\/wp\/v2\/posts\/341108\/revisions"}],"predecessor-version":[{"id":341117,"href":"https:\/\/archive.sana.sy\/es\/index.php?rest_route=\/wp\/v2\/posts\/341108\/revisions\/341117"}],"wp:featuredmedia":[{"embeddable":true,"href":"https:\/\/archive.sana.sy\/es\/index.php?rest_route=\/wp\/v2\/media\/341109"}],"wp:attachment":[{"href":"https:\/\/archive.sana.sy\/es\/index.php?rest_route=%2Fwp%2Fv2%2Fmedia&parent=341108"}],"wp:term":[{"taxonomy":"category","embeddable":true,"href":"https:\/\/archive.sana.sy\/es\/index.php?rest_route=%2Fwp%2Fv2%2Fcategories&post=341108"},{"taxonomy":"post_tag","embeddable":true,"href":"https:\/\/archive.sana.sy\/es\/index.php?rest_route=%2Fwp%2Fv2%2Ftags&post=341108"}],"curies":[{"name":"wp","href":"https:\/\/api.w.org\/{rel}","templated":true}]}}