{"id":341135,"date":"2024-10-24T09:14:37","date_gmt":"2024-10-24T06:14:37","guid":{"rendered":"https:\/\/sana.sy\/es\/?p=341135"},"modified":"2024-10-24T09:14:37","modified_gmt":"2024-10-24T06:14:37","slug":"ministros-del-interior-de-siria-y-jordania-abordan-funcionamiento-del-cruce-fronterizo-de-nassib","status":"publish","type":"post","link":"https:\/\/archive.sana.sy\/es\/?p=341135","title":{"rendered":"Ministros del Interior de Siria y Jordania abordan funcionamiento del cruce fronterizo de Nassib"},"content":{"rendered":"<p style=\"text-align: justify;\"><span style=\"color: #800000;\"><strong>\u00a0Damasco, 24 oct (SANA)<\/strong> <\/span>El ministro sirio del Interior, Muhammad Al-Rahmoun, convers\u00f3 por tel\u00e9fono con su hom\u00f3logo jordano, Mazen al-Faraiah, el mecanismo de trabajo en el paso fronterizo de Nassib-Jaber entre los dos pa\u00edses.<\/p>\n<p style=\"text-align: justify;\">La conversaci\u00f3n se efectu\u00f3 tras la reuni\u00f3n del canciller sirio Bassam Al-Sabbagh con su hom\u00f3logo jordano, Ayman Al-Safadi, en la capital Damasco.<\/p>\n<p style=\"text-align: justify;\">El Ministerio agreg\u00f3 que se acord\u00f3 continuar la comunicaci\u00f3n para brindar facilidades.<\/p>\n<p style=\"text-align: justify;\">fm\/ed<\/p>\n","protected":false},"excerpt":{"rendered":"<p>\u00a0Damasco, 24 oct (SANA) El ministro sirio del Interior, Muhammad Al-Rahmoun, convers\u00f3 por tel\u00e9fono con su hom\u00f3logo jordano, Mazen al-Faraiah, el mecanismo de trabajo en el paso fronterizo de Nassib-Jaber entre los dos pa\u00edses. La conversaci\u00f3n se efectu\u00f3 tras la reuni\u00f3n del canciller sirio Bassam Al-Sabbagh con su hom\u00f3logo jordano, Ayman Al-Safadi, en la capital &hellip;<\/p>\n","protected":false},"author":32,"featured_media":341136,"comment_status":"closed","ping_status":"closed","sticky":false,"template":"","format":"standard","meta":{"footnotes":""},"categories":[597,20724,467,7541],"tags":[],"class_list":["post-341135","post","type-post","status-publish","format-standard","has-post-thumbnail","","category-cinta-de-noticias","category-minuto-a-minuto","category-siria-y-el-mundo","category-ultimas-noticias"],"_links":{"self":[{"href":"https:\/\/archive.sana.sy\/es\/index.php?rest_route=\/wp\/v2\/posts\/341135"}],"collection":[{"href":"https:\/\/archive.sana.sy\/es\/index.php?rest_route=\/wp\/v2\/posts"}],"about":[{"href":"https:\/\/archive.sana.sy\/es\/index.php?rest_route=\/wp\/v2\/types\/post"}],"author":[{"embeddable":true,"href":"https:\/\/archive.sana.sy\/es\/index.php?rest_route=\/wp\/v2\/users\/32"}],"replies":[{"embeddable":true,"href":"https:\/\/archive.sana.sy\/es\/index.php?rest_route=%2Fwp%2Fv2%2Fcomments&post=341135"}],"version-history":[{"count":1,"href":"https:\/\/archive.sana.sy\/es\/index.php?rest_route=\/wp\/v2\/posts\/341135\/revisions"}],"predecessor-version":[{"id":341137,"href":"https:\/\/archive.sana.sy\/es\/index.php?rest_route=\/wp\/v2\/posts\/341135\/revisions\/341137"}],"wp:featuredmedia":[{"embeddable":true,"href":"https:\/\/archive.sana.sy\/es\/index.php?rest_route=\/wp\/v2\/media\/341136"}],"wp:attachment":[{"href":"https:\/\/archive.sana.sy\/es\/index.php?rest_route=%2Fwp%2Fv2%2Fmedia&parent=341135"}],"wp:term":[{"taxonomy":"category","embeddable":true,"href":"https:\/\/archive.sana.sy\/es\/index.php?rest_route=%2Fwp%2Fv2%2Fcategories&post=341135"},{"taxonomy":"post_tag","embeddable":true,"href":"https:\/\/archive.sana.sy\/es\/index.php?rest_route=%2Fwp%2Fv2%2Ftags&post=341135"}],"curies":[{"name":"wp","href":"https:\/\/api.w.org\/{rel}","templated":true}]}}