{"id":341144,"date":"2024-10-24T10:39:49","date_gmt":"2024-10-24T07:39:49","guid":{"rendered":"https:\/\/sana.sy\/es\/?p=341144"},"modified":"2024-10-24T10:39:49","modified_gmt":"2024-10-24T07:39:49","slug":"mueren-tres-soldados-libaneses-por-incursiones-israelies-contra-bent-jubeil","status":"publish","type":"post","link":"https:\/\/archive.sana.sy\/es\/?p=341144","title":{"rendered":"Mueren tres soldados libaneses por incursiones israel\u00edes contra Bent Jubeil"},"content":{"rendered":"<p style=\"text-align: justify;\"><span style=\"color: #800000;\"><strong>Beirut, 24 oct (SANA)<\/strong><\/span>\u00a0 Tres efectivos del ej\u00e9rcito liban\u00e9s, incluido un oficial, murieron tras ser atacados por aviones israel\u00edes durante una operaci\u00f3n de evacuaci\u00f3n de v\u00edctimas en las afueras de la localidad sure\u00f1a de Yater en el sur del L\u00edbano.<\/p>\n<p style=\"text-align: justify;\">&#8220;Israel atac\u00f3 a estos soldados en la regi\u00f3n de Bent Jubeil mientras evacuaban a los heridos, lo que caus\u00f3 tres muertos, entre ellos un oficial&#8221;, inform\u00f3 el ej\u00e9rcito liban\u00e9s.<\/p>\n<p style=\"text-align: justify;\">Otro ataque provoc\u00f3 la destrucci\u00f3n de una casa en la misma localidad donde varias personas murieron o resultaron heridas.<\/p>\n<p style=\"text-align: justify;\">Asimismo, varias incursiones a\u00e9reas israel\u00edes apuntaron contra decenas de localidades de Tiro y Bent Jubeil.<\/p>\n<p style=\"text-align: justify;\">De acuerdo con el Ministerio de Salud liban\u00e9s, el n\u00famero de muertos desde el inicio de la agresi\u00f3n israel\u00ed contra el L\u00edbano aument\u00f3 a 2.574 y los heridos a 12.001, y solo durante el \u00faltimo d\u00eda hubo 28 muertos y 139 heridos.<\/p>\n<p style=\"text-align: justify;\">ed\/fm<\/p>\n","protected":false},"excerpt":{"rendered":"<p>Beirut, 24 oct (SANA)\u00a0 Tres efectivos del ej\u00e9rcito liban\u00e9s, incluido un oficial, murieron tras ser atacados por aviones israel\u00edes durante una operaci\u00f3n de evacuaci\u00f3n de v\u00edctimas en las afueras de la localidad sure\u00f1a de Yater en el sur del L\u00edbano. &#8220;Israel atac\u00f3 a estos soldados en la regi\u00f3n de Bent Jubeil mientras evacuaban a los &hellip;<\/p>\n","protected":false},"author":32,"featured_media":341145,"comment_status":"closed","ping_status":"closed","sticky":false,"template":"","format":"standard","meta":{"footnotes":""},"categories":[597,456,20724,7541],"tags":[],"class_list":["post-341144","post","type-post","status-publish","format-standard","has-post-thumbnail","","category-cinta-de-noticias","category-arabe-internacional-politica","category-minuto-a-minuto","category-ultimas-noticias"],"_links":{"self":[{"href":"https:\/\/archive.sana.sy\/es\/index.php?rest_route=\/wp\/v2\/posts\/341144"}],"collection":[{"href":"https:\/\/archive.sana.sy\/es\/index.php?rest_route=\/wp\/v2\/posts"}],"about":[{"href":"https:\/\/archive.sana.sy\/es\/index.php?rest_route=\/wp\/v2\/types\/post"}],"author":[{"embeddable":true,"href":"https:\/\/archive.sana.sy\/es\/index.php?rest_route=\/wp\/v2\/users\/32"}],"replies":[{"embeddable":true,"href":"https:\/\/archive.sana.sy\/es\/index.php?rest_route=%2Fwp%2Fv2%2Fcomments&post=341144"}],"version-history":[{"count":1,"href":"https:\/\/archive.sana.sy\/es\/index.php?rest_route=\/wp\/v2\/posts\/341144\/revisions"}],"predecessor-version":[{"id":341146,"href":"https:\/\/archive.sana.sy\/es\/index.php?rest_route=\/wp\/v2\/posts\/341144\/revisions\/341146"}],"wp:featuredmedia":[{"embeddable":true,"href":"https:\/\/archive.sana.sy\/es\/index.php?rest_route=\/wp\/v2\/media\/341145"}],"wp:attachment":[{"href":"https:\/\/archive.sana.sy\/es\/index.php?rest_route=%2Fwp%2Fv2%2Fmedia&parent=341144"}],"wp:term":[{"taxonomy":"category","embeddable":true,"href":"https:\/\/archive.sana.sy\/es\/index.php?rest_route=%2Fwp%2Fv2%2Fcategories&post=341144"},{"taxonomy":"post_tag","embeddable":true,"href":"https:\/\/archive.sana.sy\/es\/index.php?rest_route=%2Fwp%2Fv2%2Ftags&post=341144"}],"curies":[{"name":"wp","href":"https:\/\/api.w.org\/{rel}","templated":true}]}}