{"id":341161,"date":"2024-10-24T15:15:08","date_gmt":"2024-10-24T12:15:08","guid":{"rendered":"https:\/\/sana.sy\/es\/?p=341161"},"modified":"2024-10-24T15:15:08","modified_gmt":"2024-10-24T12:15:08","slug":"estacion-electrica-en-el-nororiente-de-siria-sale-de-servicio-resultante-de-un-ataque-turco","status":"publish","type":"post","link":"https:\/\/archive.sana.sy\/es\/?p=341161","title":{"rendered":"Estaci\u00f3n el\u00e9ctrica en el nororiente de Siria sale de servicio resultante de un ataque turco"},"content":{"rendered":"<p style=\"text-align: justify;\"><span style=\"color: #800000;\"><strong>Hasakeh, 24 oct (SANA)\u00a0 <\/strong><\/span>La subestaci\u00f3n el\u00e9ctrica de la localidad de Amuda en la provincia nororiental siria de Hasakeh, sali\u00f3 hoy de servicio como resultado de enormes da\u00f1os que sufri\u00f3 la misma como consecuencia una agresi\u00f3n turca.<\/p>\n<p style=\"text-align: justify;\">El director provincial de Electricidad, Saleh Idris, declar\u00f3 a SANA que los ataques turcos produjeron grandes da\u00f1os en los equipamientos de la mencionada central el\u00e9ctrica y en sus torres principales, lo que provoc\u00f3 que la planta saliera de servicio.<\/p>\n<p style=\"text-align: justify;\">Se\u00f1al\u00f3 que la referida estaci\u00f3n suministra electricidad a la localidad de Amuda y su campo, y como resultado de la agresi\u00f3n muchos poblados y aldeas quedaron sin luz.<\/p>\n<p style=\"text-align: justify;\">Cabe se\u00f1alar que, las tropas del ocupante turco atacan deliberadamente a la infraestructura en la provincia nororiental siria\u00a0 de Hasakeh, especialmente el sector el\u00e9ctrico, ocasionado que muchas estaciones el\u00e9ctricas all\u00ed quedaran fuera de servicio y privar a los ciudadanos de energ\u00eda el\u00e9ctrica.<\/p>\n<p style=\"text-align: justify;\">sm<\/p>\n","protected":false},"excerpt":{"rendered":"<p>Hasakeh, 24 oct (SANA)\u00a0 La subestaci\u00f3n el\u00e9ctrica de la localidad de Amuda en la provincia nororiental siria de Hasakeh, sali\u00f3 hoy de servicio como resultado de enormes da\u00f1os que sufri\u00f3 la misma como consecuencia una agresi\u00f3n turca. El director provincial de Electricidad, Saleh Idris, declar\u00f3 a SANA que los ataques turcos produjeron grandes da\u00f1os en &hellip;<\/p>\n","protected":false},"author":39,"featured_media":341162,"comment_status":"closed","ping_status":"closed","sticky":false,"template":"","format":"standard","meta":{"footnotes":""},"categories":[477,597,573,20724,7541],"tags":[],"class_list":["post-341161","post","type-post","status-publish","format-standard","has-post-thumbnail","","category-noticias-edulcorantes","category-cinta-de-noticias","category-la-realidad-de-los-acontecimientos-en-siria","category-minuto-a-minuto","category-ultimas-noticias"],"_links":{"self":[{"href":"https:\/\/archive.sana.sy\/es\/index.php?rest_route=\/wp\/v2\/posts\/341161"}],"collection":[{"href":"https:\/\/archive.sana.sy\/es\/index.php?rest_route=\/wp\/v2\/posts"}],"about":[{"href":"https:\/\/archive.sana.sy\/es\/index.php?rest_route=\/wp\/v2\/types\/post"}],"author":[{"embeddable":true,"href":"https:\/\/archive.sana.sy\/es\/index.php?rest_route=\/wp\/v2\/users\/39"}],"replies":[{"embeddable":true,"href":"https:\/\/archive.sana.sy\/es\/index.php?rest_route=%2Fwp%2Fv2%2Fcomments&post=341161"}],"version-history":[{"count":1,"href":"https:\/\/archive.sana.sy\/es\/index.php?rest_route=\/wp\/v2\/posts\/341161\/revisions"}],"predecessor-version":[{"id":341163,"href":"https:\/\/archive.sana.sy\/es\/index.php?rest_route=\/wp\/v2\/posts\/341161\/revisions\/341163"}],"wp:featuredmedia":[{"embeddable":true,"href":"https:\/\/archive.sana.sy\/es\/index.php?rest_route=\/wp\/v2\/media\/341162"}],"wp:attachment":[{"href":"https:\/\/archive.sana.sy\/es\/index.php?rest_route=%2Fwp%2Fv2%2Fmedia&parent=341161"}],"wp:term":[{"taxonomy":"category","embeddable":true,"href":"https:\/\/archive.sana.sy\/es\/index.php?rest_route=%2Fwp%2Fv2%2Fcategories&post=341161"},{"taxonomy":"post_tag","embeddable":true,"href":"https:\/\/archive.sana.sy\/es\/index.php?rest_route=%2Fwp%2Fv2%2Ftags&post=341161"}],"curies":[{"name":"wp","href":"https:\/\/api.w.org\/{rel}","templated":true}]}}