{"id":341164,"date":"2024-10-24T16:21:40","date_gmt":"2024-10-24T13:21:40","guid":{"rendered":"https:\/\/sana.sy\/es\/?p=341164"},"modified":"2024-10-24T16:21:40","modified_gmt":"2024-10-24T13:21:40","slug":"siria-y-la-cicr-coordinan-esfuerzos-para-ayudar-a-los-desplazados-desde-libano","status":"publish","type":"post","link":"https:\/\/archive.sana.sy\/es\/?p=341164","title":{"rendered":"Siria y la CICR coordinan esfuerzos para ayudar a los desplazados desde L\u00edbano"},"content":{"rendered":"<p style=\"text-align: justify;\"><span style=\"color: #800000;\"><strong>Damasco, 24 oct (SANA)\u00a0 <\/strong><\/span>El ministro sirio de Administraci\u00f3n Local y Medio Ambiente, Louay Kharita, examin\u00f3 hoy en Damasco con el jefe de la delegaci\u00f3n del Comit\u00e9 Internacional de la Cruz Roja (CICR)en Siria, St\u00e9phane-Pierre Sakalian, la coordinaci\u00f3n de los esfuerzos en la respuesta humanitaria a los desplazados del L\u00edbano, as\u00ed como alentar retorno los refugiados sirios a su patria.<\/p>\n<p style=\"text-align: justify;\">El titular sirio confirm\u00f3 el plan de coordinaci\u00f3n continua entre las dos partes para entregar ayuda humanitaria a quienes la merecen y proporcionar todas las instalaciones necesarias a trav\u00e9s del Comit\u00e9 Supremo de Socorro para apoyar la implementaci\u00f3n de proyectos de recuperaci\u00f3n y medios de vida.<\/p>\n<p style=\"text-align: justify;\">Asimismo, se\u00f1al\u00f3 la importancia de los esfuerzos de los socios en el trabajo humanitario para dar una respuesta a los refugiados que llegan del vecino L\u00edbano.<\/p>\n<p style=\"text-align: justify;\">Adem\u00e1s, se refiri\u00f3 a las facilidades brindadas por el gobierno sirio para recibir a los desplazados como resultado de la agresi\u00f3n israel\u00ed contra el L\u00edbano y brindarles la asistencia adecuada.<\/p>\n<p style=\"text-align: justify;\">A su vez, el jefe del referido organismo internacional elogi\u00f3 los esfuerzos realizados por el Estado sirio para garantizar el \u00e9xito del trabajo del Comit\u00e9.<\/p>\n<p style=\"text-align: justify;\">sm<\/p>\n","protected":false},"excerpt":{"rendered":"<p>Damasco, 24 oct (SANA)\u00a0 El ministro sirio de Administraci\u00f3n Local y Medio Ambiente, Louay Kharita, examin\u00f3 hoy en Damasco con el jefe de la delegaci\u00f3n del Comit\u00e9 Internacional de la Cruz Roja (CICR)en Siria, St\u00e9phane-Pierre Sakalian, la coordinaci\u00f3n de los esfuerzos en la respuesta humanitaria a los desplazados del L\u00edbano, as\u00ed como alentar retorno los &hellip;<\/p>\n","protected":false},"author":39,"featured_media":341165,"comment_status":"closed","ping_status":"closed","sticky":false,"template":"","format":"standard","meta":{"footnotes":""},"categories":[477,597,467,7541],"tags":[],"class_list":["post-341164","post","type-post","status-publish","format-standard","has-post-thumbnail","","category-noticias-edulcorantes","category-cinta-de-noticias","category-siria-y-el-mundo","category-ultimas-noticias"],"_links":{"self":[{"href":"https:\/\/archive.sana.sy\/es\/index.php?rest_route=\/wp\/v2\/posts\/341164"}],"collection":[{"href":"https:\/\/archive.sana.sy\/es\/index.php?rest_route=\/wp\/v2\/posts"}],"about":[{"href":"https:\/\/archive.sana.sy\/es\/index.php?rest_route=\/wp\/v2\/types\/post"}],"author":[{"embeddable":true,"href":"https:\/\/archive.sana.sy\/es\/index.php?rest_route=\/wp\/v2\/users\/39"}],"replies":[{"embeddable":true,"href":"https:\/\/archive.sana.sy\/es\/index.php?rest_route=%2Fwp%2Fv2%2Fcomments&post=341164"}],"version-history":[{"count":1,"href":"https:\/\/archive.sana.sy\/es\/index.php?rest_route=\/wp\/v2\/posts\/341164\/revisions"}],"predecessor-version":[{"id":341166,"href":"https:\/\/archive.sana.sy\/es\/index.php?rest_route=\/wp\/v2\/posts\/341164\/revisions\/341166"}],"wp:featuredmedia":[{"embeddable":true,"href":"https:\/\/archive.sana.sy\/es\/index.php?rest_route=\/wp\/v2\/media\/341165"}],"wp:attachment":[{"href":"https:\/\/archive.sana.sy\/es\/index.php?rest_route=%2Fwp%2Fv2%2Fmedia&parent=341164"}],"wp:term":[{"taxonomy":"category","embeddable":true,"href":"https:\/\/archive.sana.sy\/es\/index.php?rest_route=%2Fwp%2Fv2%2Fcategories&post=341164"},{"taxonomy":"post_tag","embeddable":true,"href":"https:\/\/archive.sana.sy\/es\/index.php?rest_route=%2Fwp%2Fv2%2Ftags&post=341164"}],"curies":[{"name":"wp","href":"https:\/\/api.w.org\/{rel}","templated":true}]}}