{"id":341167,"date":"2024-10-24T17:09:28","date_gmt":"2024-10-24T14:09:28","guid":{"rendered":"https:\/\/sana.sy\/es\/?p=341167"},"modified":"2024-10-24T17:09:40","modified_gmt":"2024-10-24T14:09:40","slug":"ejercito-ruso-neutraliza-a-290-militares-ucranianos-en-kursk-durante-las-ultimas-24-horas","status":"publish","type":"post","link":"https:\/\/archive.sana.sy\/es\/?p=341167","title":{"rendered":"Ej\u00e9rcito ruso neutraliza a 290 militares ucranianos en Kursk durante las \u00faltimas 24 horas"},"content":{"rendered":"<p style=\"text-align: justify;\"><span style=\"color: #800000;\"><strong>Mosc\u00fa, 24 oct (SANA)<\/strong> <\/span>El Ministerio de Defensa de Rusia inform\u00f3 que las tropas rusas repelieron tres contraataques ucranianos y derrotaron a formaciones de 10 brigadas de las Fuerzas Armadas de Ucrania.<\/p>\n<p style=\"text-align: justify;\">La referida entidad agreg\u00f3 que en las \u00faltimas 24 horas, Kiev perdi\u00f3 hasta 280 efectivos, 9 veh\u00edculos blindados, 2 piezas de artiller\u00eda, 2 autom\u00f3viles y una estaci\u00f3n de guerra electr\u00f3nica.<\/p>\n<p style=\"text-align: justify;\">Asimismo, durante el d\u00eda, se rindieron 8 soldados ucranianos.<\/p>\n<p style=\"text-align: justify;\">Detall\u00f3 que, desde el inicio de los combates en el Frente de Kursk, las bajas de Ucrania ascendieron a 26.222 militares, adem\u00e1s de centenares de tanques veh\u00edculos blindados y de combate, as\u00ed como decenas de lanzadores de sistemas de misiles, unidades de ingenier\u00eda y otros equipos.<\/p>\n<p style=\"text-align: justify;\">sm<\/p>\n","protected":false},"excerpt":{"rendered":"<p>Mosc\u00fa, 24 oct (SANA) El Ministerio de Defensa de Rusia inform\u00f3 que las tropas rusas repelieron tres contraataques ucranianos y derrotaron a formaciones de 10 brigadas de las Fuerzas Armadas de Ucrania. La referida entidad agreg\u00f3 que en las \u00faltimas 24 horas, Kiev perdi\u00f3 hasta 280 efectivos, 9 veh\u00edculos blindados, 2 piezas de artiller\u00eda, 2 &hellip;<\/p>\n","protected":false},"author":39,"featured_media":341168,"comment_status":"closed","ping_status":"closed","sticky":false,"template":"","format":"standard","meta":{"footnotes":""},"categories":[597,456,16687,20724,7541],"tags":[],"class_list":["post-341167","post","type-post","status-publish","format-standard","has-post-thumbnail","","category-cinta-de-noticias","category-arabe-internacional-politica","category-internacionales","category-minuto-a-minuto","category-ultimas-noticias"],"_links":{"self":[{"href":"https:\/\/archive.sana.sy\/es\/index.php?rest_route=\/wp\/v2\/posts\/341167"}],"collection":[{"href":"https:\/\/archive.sana.sy\/es\/index.php?rest_route=\/wp\/v2\/posts"}],"about":[{"href":"https:\/\/archive.sana.sy\/es\/index.php?rest_route=\/wp\/v2\/types\/post"}],"author":[{"embeddable":true,"href":"https:\/\/archive.sana.sy\/es\/index.php?rest_route=\/wp\/v2\/users\/39"}],"replies":[{"embeddable":true,"href":"https:\/\/archive.sana.sy\/es\/index.php?rest_route=%2Fwp%2Fv2%2Fcomments&post=341167"}],"version-history":[{"count":1,"href":"https:\/\/archive.sana.sy\/es\/index.php?rest_route=\/wp\/v2\/posts\/341167\/revisions"}],"predecessor-version":[{"id":341169,"href":"https:\/\/archive.sana.sy\/es\/index.php?rest_route=\/wp\/v2\/posts\/341167\/revisions\/341169"}],"wp:featuredmedia":[{"embeddable":true,"href":"https:\/\/archive.sana.sy\/es\/index.php?rest_route=\/wp\/v2\/media\/341168"}],"wp:attachment":[{"href":"https:\/\/archive.sana.sy\/es\/index.php?rest_route=%2Fwp%2Fv2%2Fmedia&parent=341167"}],"wp:term":[{"taxonomy":"category","embeddable":true,"href":"https:\/\/archive.sana.sy\/es\/index.php?rest_route=%2Fwp%2Fv2%2Fcategories&post=341167"},{"taxonomy":"post_tag","embeddable":true,"href":"https:\/\/archive.sana.sy\/es\/index.php?rest_route=%2Fwp%2Fv2%2Ftags&post=341167"}],"curies":[{"name":"wp","href":"https:\/\/api.w.org\/{rel}","templated":true}]}}