{"id":341173,"date":"2024-10-24T18:16:12","date_gmt":"2024-10-24T15:16:12","guid":{"rendered":"https:\/\/sana.sy\/es\/?p=341173"},"modified":"2024-10-25T08:09:46","modified_gmt":"2024-10-25T05:09:46","slug":"siria-reitera-su-apoyo-al-pueblo-palestino-en-su-resistencia-y-lucha-contra-el-ocupante-israeli-para-restaurar-sus-derechos-inalienables","status":"publish","type":"post","link":"https:\/\/archive.sana.sy\/es\/?p=341173","title":{"rendered":"Vicepresidente de Siria reitera apoyo a lucha del pueblo palestino"},"content":{"rendered":"<p style=\"text-align: justify;\"><span style=\"color: #800000;\"><strong>Damasco, 24 oct (SANA) <\/strong><\/span>El vicepresidente sirio Faisal Al-Mekdad, ratific\u00f3 hoy la invariable posici\u00f3n de su pa\u00eds en apoyo a la causa palestina y la lucha de los palestinos por recuperar sus derechos inalienables, garantizados por el Derecho Internacional.<\/p>\n<p style=\"text-align: justify;\">La postura del alto funcionario sirio fue expresada durante su recibimiento en esta capital, al secretario general del Frente Popular para la Liberaci\u00f3n de Palestina \u2013 Comando General, Talal Naji.<\/p>\n<p style=\"text-align: justify;\">Al-Mekdad consider\u00f3 que la guerra genocida desatada por Israel contra el pueblo palestino revel\u00f3 el verdadero rostro de &#8220;Israel&#8221; al mundo.<\/p>\n<p style=\"text-align: justify;\">Denunci\u00f3 el apoyo estadounidense y occidental que recibe el ocupante israel\u00ed para persistir en sus pr\u00e1cticas brutales y su sangrienta guerra contra los territorios palestinos ocupados y el L\u00edbano.<\/p>\n<p style=\"text-align: justify;\">El Vicepresidente salud\u00f3 la firmeza del pueblo palestino y de todas las fuerzas de resistencia frente a la maquinaria de guerra israel\u00ed que asesin\u00f3 a decenas de miles de personas, en su mayor\u00eda son ni\u00f1os y mujeres.<\/p>\n<p style=\"text-align: justify;\">Las dos partes repasaron los m\u00e1s recientes acontecimientos en los territorios palestinos ocupados y la escalada b\u00e9lica israel\u00ed en la regi\u00f3n.<\/p>\n<p style=\"text-align: justify;\">A su vez, Naji asegur\u00f3 que el pueblo palestino est\u00e1 firme al igual que su resistencia a pesar de todas las masacres cometidas y el apoyo ilimitado brindado por parte de Estados Unidos y sus aliados a Israel.<\/p>\n<p style=\"text-align: justify;\">Expres\u00f3 agradecimiento a Damasco por su firme apoyo a la causa palestina y a los derechos del pueblo palestino.<\/p>\n<p style=\"text-align: justify;\"><em><strong>sm\/fm<\/strong><\/em><\/p>\n","protected":false},"excerpt":{"rendered":"<p>Damasco, 24 oct (SANA) El vicepresidente sirio Faisal Al-Mekdad, ratific\u00f3 hoy la invariable posici\u00f3n de su pa\u00eds en apoyo a la causa palestina y la lucha de los palestinos por recuperar sus derechos inalienables, garantizados por el Derecho Internacional. La postura del alto funcionario sirio fue expresada durante su recibimiento en esta capital, al secretario &hellip;<\/p>\n","protected":false},"author":39,"featured_media":341174,"comment_status":"closed","ping_status":"closed","sticky":false,"template":"","format":"standard","meta":{"footnotes":""},"categories":[477,597,20724,467,583],"tags":[],"class_list":["post-341173","post","type-post","status-publish","format-standard","has-post-thumbnail","","category-noticias-edulcorantes","category-cinta-de-noticias","category-minuto-a-minuto","category-siria-y-el-mundo","category-slide"],"_links":{"self":[{"href":"https:\/\/archive.sana.sy\/es\/index.php?rest_route=\/wp\/v2\/posts\/341173"}],"collection":[{"href":"https:\/\/archive.sana.sy\/es\/index.php?rest_route=\/wp\/v2\/posts"}],"about":[{"href":"https:\/\/archive.sana.sy\/es\/index.php?rest_route=\/wp\/v2\/types\/post"}],"author":[{"embeddable":true,"href":"https:\/\/archive.sana.sy\/es\/index.php?rest_route=\/wp\/v2\/users\/39"}],"replies":[{"embeddable":true,"href":"https:\/\/archive.sana.sy\/es\/index.php?rest_route=%2Fwp%2Fv2%2Fcomments&post=341173"}],"version-history":[{"count":2,"href":"https:\/\/archive.sana.sy\/es\/index.php?rest_route=\/wp\/v2\/posts\/341173\/revisions"}],"predecessor-version":[{"id":341187,"href":"https:\/\/archive.sana.sy\/es\/index.php?rest_route=\/wp\/v2\/posts\/341173\/revisions\/341187"}],"wp:featuredmedia":[{"embeddable":true,"href":"https:\/\/archive.sana.sy\/es\/index.php?rest_route=\/wp\/v2\/media\/341174"}],"wp:attachment":[{"href":"https:\/\/archive.sana.sy\/es\/index.php?rest_route=%2Fwp%2Fv2%2Fmedia&parent=341173"}],"wp:term":[{"taxonomy":"category","embeddable":true,"href":"https:\/\/archive.sana.sy\/es\/index.php?rest_route=%2Fwp%2Fv2%2Fcategories&post=341173"},{"taxonomy":"post_tag","embeddable":true,"href":"https:\/\/archive.sana.sy\/es\/index.php?rest_route=%2Fwp%2Fv2%2Ftags&post=341173"}],"curies":[{"name":"wp","href":"https:\/\/api.w.org\/{rel}","templated":true}]}}