{"id":341176,"date":"2024-10-24T18:37:43","date_gmt":"2024-10-24T15:37:43","guid":{"rendered":"https:\/\/sana.sy\/es\/?p=341176"},"modified":"2024-10-24T18:37:43","modified_gmt":"2024-10-24T15:37:43","slug":"teheran-la-onu-es-una-organizacion-ineficaz-porque-no-puede-detener-el-genocidio-israeli-en-gaza","status":"publish","type":"post","link":"https:\/\/archive.sana.sy\/es\/?p=341176","title":{"rendered":"Teher\u00e1n: la ONU es una organizaci\u00f3n ineficaz porque no puede detener el genocidio israel\u00ed en Gaza"},"content":{"rendered":"<p style=\"text-align: justify;\"><span style=\"color: #800000;\"><strong>Teher\u00e1n, 24 oct (SANA)<\/strong><\/span> El portavoz del Ministerio de Asuntos Exteriores iran\u00ed, Ismael Baghaei, confirm\u00f3 que las Naciones Unidas se convirti\u00f3\u00a0 hoy en una organizaci\u00f3n ineficaz e incapaz de emprender cualquier acci\u00f3n colectiva para detener el horrendo genocidio israel\u00ed en la Franja de Gaza y los ataques del ocupante sionista contra el L\u00edbano.<\/p>\n<p style=\"text-align: justify;\">\u00a0\u201cHoy se conmemora el D\u00eda de las Naciones Unidas que coincide con el d\u00eda 384\u00ba del genocidio israel\u00ed en curso en Gaza, pero la ONU que fue creada el 24 de octubre de 1945 para salvar a las generaciones futuras de la cat\u00e1strofe de las guerras y promover el estatus de la ley y la justicia, se convirti\u00f3 hoy en una organizaci\u00f3n ineficaz e incapaz de tomar ninguna medida colectiva eficaz para detener el genocidio llevado a cabo por \u201cIsrael\u201d en Gaza y el L\u00edbano\u201d, dijo el funcionario iran\u00ed en su cuenta en la plataforma X .<\/p>\n<p style=\"text-align: justify;\">El vocero a\u00f1adi\u00f3 que la ONU, lamentablemente, est\u00e1 perdiendo su filosof\u00eda de existencia debido al apoyo incondicional brindado por los Estados Unidos al ocupante israel\u00ed que lleg\u00f3 al extremo de matar a 230 empleados de la referida organizaci\u00f3n internacional en menos de un a\u00f1o, adem\u00e1s de haber declarado persona non grata al Secretario General.<\/p>\n<p style=\"text-align: justify;\">Se\u00f1al\u00f3 que \u201cIsrael\u201d est\u00e1 rompiendo la Carta de las Naciones Unidas, ignorando la orden del Tribunal de La Haya de detener el genocidio y aumentando d\u00eda tras d\u00eda la intensidad y el alcance de sus ataques.<\/p>\n<p style=\"text-align: justify;\">ahs\/sm<\/p>\n","protected":false},"excerpt":{"rendered":"<p>Teher\u00e1n, 24 oct (SANA) El portavoz del Ministerio de Asuntos Exteriores iran\u00ed, Ismael Baghaei, confirm\u00f3 que las Naciones Unidas se convirti\u00f3\u00a0 hoy en una organizaci\u00f3n ineficaz e incapaz de emprender cualquier acci\u00f3n colectiva para detener el horrendo genocidio israel\u00ed en la Franja de Gaza y los ataques del ocupante sionista contra el L\u00edbano. \u00a0\u201cHoy se &hellip;<\/p>\n","protected":false},"author":43,"featured_media":341177,"comment_status":"closed","ping_status":"closed","sticky":false,"template":"","format":"standard","meta":{"footnotes":""},"categories":[597,456,16687,20724,7541],"tags":[],"class_list":["post-341176","post","type-post","status-publish","format-standard","has-post-thumbnail","","category-cinta-de-noticias","category-arabe-internacional-politica","category-internacionales","category-minuto-a-minuto","category-ultimas-noticias"],"_links":{"self":[{"href":"https:\/\/archive.sana.sy\/es\/index.php?rest_route=\/wp\/v2\/posts\/341176"}],"collection":[{"href":"https:\/\/archive.sana.sy\/es\/index.php?rest_route=\/wp\/v2\/posts"}],"about":[{"href":"https:\/\/archive.sana.sy\/es\/index.php?rest_route=\/wp\/v2\/types\/post"}],"author":[{"embeddable":true,"href":"https:\/\/archive.sana.sy\/es\/index.php?rest_route=\/wp\/v2\/users\/43"}],"replies":[{"embeddable":true,"href":"https:\/\/archive.sana.sy\/es\/index.php?rest_route=%2Fwp%2Fv2%2Fcomments&post=341176"}],"version-history":[{"count":1,"href":"https:\/\/archive.sana.sy\/es\/index.php?rest_route=\/wp\/v2\/posts\/341176\/revisions"}],"predecessor-version":[{"id":341178,"href":"https:\/\/archive.sana.sy\/es\/index.php?rest_route=\/wp\/v2\/posts\/341176\/revisions\/341178"}],"wp:featuredmedia":[{"embeddable":true,"href":"https:\/\/archive.sana.sy\/es\/index.php?rest_route=\/wp\/v2\/media\/341177"}],"wp:attachment":[{"href":"https:\/\/archive.sana.sy\/es\/index.php?rest_route=%2Fwp%2Fv2%2Fmedia&parent=341176"}],"wp:term":[{"taxonomy":"category","embeddable":true,"href":"https:\/\/archive.sana.sy\/es\/index.php?rest_route=%2Fwp%2Fv2%2Fcategories&post=341176"},{"taxonomy":"post_tag","embeddable":true,"href":"https:\/\/archive.sana.sy\/es\/index.php?rest_route=%2Fwp%2Fv2%2Ftags&post=341176"}],"curies":[{"name":"wp","href":"https:\/\/api.w.org\/{rel}","templated":true}]}}