{"id":341179,"date":"2024-10-24T19:01:42","date_gmt":"2024-10-24T16:01:42","guid":{"rendered":"https:\/\/sana.sy\/es\/?p=341179"},"modified":"2024-10-24T19:02:10","modified_gmt":"2024-10-24T16:02:10","slug":"resistencia-libanesa-bombardea-bases-militares-del-ocupante-israeli","status":"publish","type":"post","link":"https:\/\/archive.sana.sy\/es\/?p=341179","title":{"rendered":"Resistencia libanesa bombardea bases militares del ocupante israel\u00ed"},"content":{"rendered":"<p style=\"text-align: justify;\"><span style=\"color: #800000;\"><strong>Beirut, 24 oct (SANA)<\/strong><\/span> La resistencia libanesa atac\u00f3, con misiles, varias bases del enemigo israel\u00ed en el norte de la Palestina ocupada, ocasionando bajas confirmadas.<\/p>\n<p style=\"text-align: justify;\">\u201cEn apoyo a nuestro firme pueblo palestino en la Franja de Gaza y a su valiente resistencia, y en respuesta a los ataques de las agresiones israel\u00edes contra el L\u00edbano, los combatientes de la resistencia atacaron con varios misiles la base militar log\u00edstica Sant Jin, as\u00ed como la base Zuvulon de industrias militares, en el norte de la ciudad de Haifa.\u201d infrom\u00f3 la resistencia en un comunicado.<\/p>\n<p style=\"text-align: justify;\">Asimismo, en el sur del L\u00edbano, los resistentes se enfrentaron violentamente, desde distancia cero, con una fuerza enemiga en la ciudad de Aita al-Shaab cuando un tanque Merkava israel\u00ed intervino de apoyo, y los combatientes lograron destruir el referido veh\u00edculo y dejaron a sus tripulantes entre muertos y heridos.<\/p>\n<p style=\"text-align: justify;\">De igual manera, los resistentes destruyeron otro tanque Merkava enemigo en la localidad Aita al-Shaab, lo provoco su incendio, as\u00ed como neutralizar e lesionar a su tripulaci\u00f3n.<\/p>\n<p style=\"text-align: justify;\">Tambi\u00e9n, la resistencia atac\u00f3, con misiles, concentraciones de soldados enemigos israel\u00edes en las localidades de Al-Malikiyah y al- Miskvam, al este del poblado de Aitaroun, as\u00ed como en los asentamientos de Karmiel, Kiryat Shmona y Al-Manara.<\/p>\n<p style=\"text-align: justify;\">sm\/ahs<\/p>\n","protected":false},"excerpt":{"rendered":"<p>Beirut, 24 oct (SANA) La resistencia libanesa atac\u00f3, con misiles, varias bases del enemigo israel\u00ed en el norte de la Palestina ocupada, ocasionando bajas confirmadas. \u201cEn apoyo a nuestro firme pueblo palestino en la Franja de Gaza y a su valiente resistencia, y en respuesta a los ataques de las agresiones israel\u00edes contra el L\u00edbano, &hellip;<\/p>\n","protected":false},"author":43,"featured_media":341180,"comment_status":"closed","ping_status":"closed","sticky":false,"template":"","format":"standard","meta":{"footnotes":""},"categories":[597,456,16687,20724,7541],"tags":[],"class_list":["post-341179","post","type-post","status-publish","format-standard","has-post-thumbnail","","category-cinta-de-noticias","category-arabe-internacional-politica","category-internacionales","category-minuto-a-minuto","category-ultimas-noticias"],"_links":{"self":[{"href":"https:\/\/archive.sana.sy\/es\/index.php?rest_route=\/wp\/v2\/posts\/341179"}],"collection":[{"href":"https:\/\/archive.sana.sy\/es\/index.php?rest_route=\/wp\/v2\/posts"}],"about":[{"href":"https:\/\/archive.sana.sy\/es\/index.php?rest_route=\/wp\/v2\/types\/post"}],"author":[{"embeddable":true,"href":"https:\/\/archive.sana.sy\/es\/index.php?rest_route=\/wp\/v2\/users\/43"}],"replies":[{"embeddable":true,"href":"https:\/\/archive.sana.sy\/es\/index.php?rest_route=%2Fwp%2Fv2%2Fcomments&post=341179"}],"version-history":[{"count":2,"href":"https:\/\/archive.sana.sy\/es\/index.php?rest_route=\/wp\/v2\/posts\/341179\/revisions"}],"predecessor-version":[{"id":341182,"href":"https:\/\/archive.sana.sy\/es\/index.php?rest_route=\/wp\/v2\/posts\/341179\/revisions\/341182"}],"wp:featuredmedia":[{"embeddable":true,"href":"https:\/\/archive.sana.sy\/es\/index.php?rest_route=\/wp\/v2\/media\/341180"}],"wp:attachment":[{"href":"https:\/\/archive.sana.sy\/es\/index.php?rest_route=%2Fwp%2Fv2%2Fmedia&parent=341179"}],"wp:term":[{"taxonomy":"category","embeddable":true,"href":"https:\/\/archive.sana.sy\/es\/index.php?rest_route=%2Fwp%2Fv2%2Fcategories&post=341179"},{"taxonomy":"post_tag","embeddable":true,"href":"https:\/\/archive.sana.sy\/es\/index.php?rest_route=%2Fwp%2Fv2%2Ftags&post=341179"}],"curies":[{"name":"wp","href":"https:\/\/api.w.org\/{rel}","templated":true}]}}