{"id":341188,"date":"2024-10-25T08:11:05","date_gmt":"2024-10-25T05:11:05","guid":{"rendered":"https:\/\/sana.sy\/es\/?p=341188"},"modified":"2024-10-25T08:11:05","modified_gmt":"2024-10-25T05:11:05","slug":"dos-masacres-israelies-en-gaza-cobran-la-vida-de-decenas-de-palestinos","status":"publish","type":"post","link":"https:\/\/archive.sana.sy\/es\/?p=341188","title":{"rendered":"Dos masacres israel\u00edes en Gaza cobran la vida de decenas de palestinos"},"content":{"rendered":"<p style=\"text-align: justify;\"><span style=\"color: #800000;\"><strong>Jerusal\u00e9n ocupada, 25 oct (SANA)<\/strong><\/span> El ej\u00e9rcito de ocupaci\u00f3n israel\u00ed contin\u00faa su escalada en el norte de la Franja de Gaza, donde bombarde\u00f3 casas que albergan a desplazados causando la muerte y lesi\u00f3n de al menos 173 civiles.<\/p>\n<p style=\"text-align: justify;\">Fuentes m\u00e9dicas informaron que 150 palestinos, entre ellos ni\u00f1os y mujeres, murieron o resultaron heridos tras brutales bombardeos que dejaron al menos 10 casas destruidas por completo en la zona de Al-Hoja, en el campamento de Jabalia.<\/p>\n<p style=\"text-align: justify;\">Denunciaron que las ambulancias y los equipos de rescate enfrentan dificultades para llegar al lugar por el peligro de ser alcanzados por los militares sionistas.<\/p>\n<p style=\"text-align: justify;\">En el sur de este enclave costero, tres palestinos murieron y m\u00e1s de 20 resultaron heridos por los continuos ataques a\u00e9reos contra la ciudad de Khan Yunis.<\/p>\n<p style=\"text-align: justify;\">De acuerdo con las autoridades sanitarias, durante las \u00faltimas 24 horas, el ocupante israel\u00ed cometi\u00f3 cuatro masacres con saldo de 55 muertos y 132 heridos. Revelaron que la cifra total de v\u00edctimas desde el inicio de la agresi\u00f3n contra Gaza en octubre del 2023, ascendi\u00f3 a 42 mil 847 muertos y 100 mil 544 heridos.<\/p>\n<p style=\"text-align: justify;\"><em><strong>fm\/ah<\/strong><\/em><\/p>\n","protected":false},"excerpt":{"rendered":"<p>Jerusal\u00e9n ocupada, 25 oct (SANA) El ej\u00e9rcito de ocupaci\u00f3n israel\u00ed contin\u00faa su escalada en el norte de la Franja de Gaza, donde bombarde\u00f3 casas que albergan a desplazados causando la muerte y lesi\u00f3n de al menos 173 civiles. Fuentes m\u00e9dicas informaron que 150 palestinos, entre ellos ni\u00f1os y mujeres, murieron o resultaron heridos tras brutales &hellip;<\/p>\n","protected":false},"author":30,"featured_media":341189,"comment_status":"closed","ping_status":"closed","sticky":false,"template":"","format":"standard","meta":{"footnotes":""},"categories":[597,456,20724,583],"tags":[],"class_list":["post-341188","post","type-post","status-publish","format-standard","has-post-thumbnail","","category-cinta-de-noticias","category-arabe-internacional-politica","category-minuto-a-minuto","category-slide"],"_links":{"self":[{"href":"https:\/\/archive.sana.sy\/es\/index.php?rest_route=\/wp\/v2\/posts\/341188"}],"collection":[{"href":"https:\/\/archive.sana.sy\/es\/index.php?rest_route=\/wp\/v2\/posts"}],"about":[{"href":"https:\/\/archive.sana.sy\/es\/index.php?rest_route=\/wp\/v2\/types\/post"}],"author":[{"embeddable":true,"href":"https:\/\/archive.sana.sy\/es\/index.php?rest_route=\/wp\/v2\/users\/30"}],"replies":[{"embeddable":true,"href":"https:\/\/archive.sana.sy\/es\/index.php?rest_route=%2Fwp%2Fv2%2Fcomments&post=341188"}],"version-history":[{"count":1,"href":"https:\/\/archive.sana.sy\/es\/index.php?rest_route=\/wp\/v2\/posts\/341188\/revisions"}],"predecessor-version":[{"id":341190,"href":"https:\/\/archive.sana.sy\/es\/index.php?rest_route=\/wp\/v2\/posts\/341188\/revisions\/341190"}],"wp:featuredmedia":[{"embeddable":true,"href":"https:\/\/archive.sana.sy\/es\/index.php?rest_route=\/wp\/v2\/media\/341189"}],"wp:attachment":[{"href":"https:\/\/archive.sana.sy\/es\/index.php?rest_route=%2Fwp%2Fv2%2Fmedia&parent=341188"}],"wp:term":[{"taxonomy":"category","embeddable":true,"href":"https:\/\/archive.sana.sy\/es\/index.php?rest_route=%2Fwp%2Fv2%2Fcategories&post=341188"},{"taxonomy":"post_tag","embeddable":true,"href":"https:\/\/archive.sana.sy\/es\/index.php?rest_route=%2Fwp%2Fv2%2Ftags&post=341188"}],"curies":[{"name":"wp","href":"https:\/\/api.w.org\/{rel}","templated":true}]}}