{"id":341191,"date":"2024-10-25T09:29:30","date_gmt":"2024-10-25T06:29:30","guid":{"rendered":"https:\/\/sana.sy\/es\/?p=341191"},"modified":"2024-10-25T09:29:30","modified_gmt":"2024-10-25T06:29:30","slug":"nueva-masacre-israeli-en-khan-yunis-gaza-acaba-con-la-vida-de-28-palestinos","status":"publish","type":"post","link":"https:\/\/archive.sana.sy\/es\/?p=341191","title":{"rendered":"Nueva masacre israel\u00ed en Khan Yunis, Gaza acaba con la vida de 28 palestinos"},"content":{"rendered":"<p style=\"text-align: justify;\"><span style=\"color: #800000;\"><strong>Jerusal\u00e9n ocupada, 25 oct (SANA)<\/strong><\/span> 28 palestinos perdieron la vida en una nueva masacre perpetrada por las fuerzas de ocupaci\u00f3n israel\u00edes en la ciudad de Khan Yunis, al sur de la franja de Gaza.<\/p>\n<p style=\"text-align: justify;\">El ataque, llevado a cabo por cazas israel\u00edes, tuvo lugar en la madrugada de este viernes, contra una casa en la zona de Al-Manara, y result\u00f3 en 28 v\u00edctimas mortales, en su mayor\u00eda ni\u00f1os y mujeres.<\/p>\n<p style=\"text-align: justify;\">Esta masacre se suma a una serie de agresiones recientes, donde en las \u00faltimas 24 horas se reportaron seis masacres adicionales en diferentes \u00e1reas de Gaza, que se saldaron en cientos de v\u00edctimas mortales y heridos.<\/p>\n<p style=\"text-align: justify;\">Seg\u00fan el \u00faltimo informe del Ministerio de Salud palestino, el n\u00famero de v\u00edctimas de la agresi\u00f3n israel\u00ed contra Gaza el 7 de octubre de 2023 ascendi\u00f3 a 42 mil 847 muertos y m\u00e1s de 100 mil 544 heridos.<\/p>\n<p style=\"text-align: justify;\"><em><strong>ah<\/strong><\/em><\/p>\n","protected":false},"excerpt":{"rendered":"<p>Jerusal\u00e9n ocupada, 25 oct (SANA) 28 palestinos perdieron la vida en una nueva masacre perpetrada por las fuerzas de ocupaci\u00f3n israel\u00edes en la ciudad de Khan Yunis, al sur de la franja de Gaza. El ataque, llevado a cabo por cazas israel\u00edes, tuvo lugar en la madrugada de este viernes, contra una casa en la &hellip;<\/p>\n","protected":false},"author":30,"featured_media":341192,"comment_status":"closed","ping_status":"closed","sticky":false,"template":"","format":"standard","meta":{"footnotes":""},"categories":[597,456,20724,7541],"tags":[],"class_list":["post-341191","post","type-post","status-publish","format-standard","has-post-thumbnail","","category-cinta-de-noticias","category-arabe-internacional-politica","category-minuto-a-minuto","category-ultimas-noticias"],"_links":{"self":[{"href":"https:\/\/archive.sana.sy\/es\/index.php?rest_route=\/wp\/v2\/posts\/341191"}],"collection":[{"href":"https:\/\/archive.sana.sy\/es\/index.php?rest_route=\/wp\/v2\/posts"}],"about":[{"href":"https:\/\/archive.sana.sy\/es\/index.php?rest_route=\/wp\/v2\/types\/post"}],"author":[{"embeddable":true,"href":"https:\/\/archive.sana.sy\/es\/index.php?rest_route=\/wp\/v2\/users\/30"}],"replies":[{"embeddable":true,"href":"https:\/\/archive.sana.sy\/es\/index.php?rest_route=%2Fwp%2Fv2%2Fcomments&post=341191"}],"version-history":[{"count":1,"href":"https:\/\/archive.sana.sy\/es\/index.php?rest_route=\/wp\/v2\/posts\/341191\/revisions"}],"predecessor-version":[{"id":341193,"href":"https:\/\/archive.sana.sy\/es\/index.php?rest_route=\/wp\/v2\/posts\/341191\/revisions\/341193"}],"wp:featuredmedia":[{"embeddable":true,"href":"https:\/\/archive.sana.sy\/es\/index.php?rest_route=\/wp\/v2\/media\/341192"}],"wp:attachment":[{"href":"https:\/\/archive.sana.sy\/es\/index.php?rest_route=%2Fwp%2Fv2%2Fmedia&parent=341191"}],"wp:term":[{"taxonomy":"category","embeddable":true,"href":"https:\/\/archive.sana.sy\/es\/index.php?rest_route=%2Fwp%2Fv2%2Fcategories&post=341191"},{"taxonomy":"post_tag","embeddable":true,"href":"https:\/\/archive.sana.sy\/es\/index.php?rest_route=%2Fwp%2Fv2%2Ftags&post=341191"}],"curies":[{"name":"wp","href":"https:\/\/api.w.org\/{rel}","templated":true}]}}