{"id":341219,"date":"2024-10-25T14:24:02","date_gmt":"2024-10-25T11:24:02","guid":{"rendered":"https:\/\/sana.sy\/es\/?p=341219"},"modified":"2024-10-25T14:24:02","modified_gmt":"2024-10-25T11:24:02","slug":"bolivia-afirma-su-apoyo-al-pueblo-palestino-y-su-derecho-a-establecer-su-estado-independiente","status":"publish","type":"post","link":"https:\/\/archive.sana.sy\/es\/?p=341219","title":{"rendered":"Bolivia afirma su apoyo al pueblo palestino y su derecho a establecer su Estado independiente"},"content":{"rendered":"<p style=\"text-align: justify;\"><span style=\"color: #800000;\"><strong>Kaz\u00e1n, 25 oct (SANA) <\/strong><\/span>El presidente boliviano, Luis Arce, afirm\u00f3 el apoyo de su pa\u00eds al pueblo palestino y su derecho a establecer su Estado independiente en el territorio palestino ocupado con Jerusal\u00e9n como capital.<\/p>\n<p style=\"text-align: justify;\">Durante su intervenci\u00f3n en la XVI cumbre de los BRICS, que se celebr\u00f3 en la ciudad rusa de Kaz\u00e1n y fue concluida ayer, el Presidente boliviano conden\u00f3 los ataques criminales israel\u00edes y la campa\u00f1a de limpieza \u00e9tnica llevada a cabo por el ej\u00e9rcito de ocupaci\u00f3n en la Franja de Gaza.<\/p>\n<p style=\"text-align: justify;\">El mandatario sudamericano indic\u00f3 que su pa\u00eds se sum\u00f3 al llamado presentado por Sud\u00e1frica ante la Corte Internacional de Justicia contra la \u201cIsrael\u201d por cometer cr\u00edmenes de genocidio contra el pueblo palestino.<\/p>\n<p style=\"text-align: justify;\">sm<\/p>\n","protected":false},"excerpt":{"rendered":"<p>Kaz\u00e1n, 25 oct (SANA) El presidente boliviano, Luis Arce, afirm\u00f3 el apoyo de su pa\u00eds al pueblo palestino y su derecho a establecer su Estado independiente en el territorio palestino ocupado con Jerusal\u00e9n como capital. Durante su intervenci\u00f3n en la XVI cumbre de los BRICS, que se celebr\u00f3 en la ciudad rusa de Kaz\u00e1n y &hellip;<\/p>\n","protected":false},"author":39,"featured_media":341220,"comment_status":"closed","ping_status":"closed","sticky":false,"template":"","format":"standard","meta":{"footnotes":""},"categories":[597,456,16687,20724,7541],"tags":[],"class_list":["post-341219","post","type-post","status-publish","format-standard","has-post-thumbnail","","category-cinta-de-noticias","category-arabe-internacional-politica","category-internacionales","category-minuto-a-minuto","category-ultimas-noticias"],"_links":{"self":[{"href":"https:\/\/archive.sana.sy\/es\/index.php?rest_route=\/wp\/v2\/posts\/341219"}],"collection":[{"href":"https:\/\/archive.sana.sy\/es\/index.php?rest_route=\/wp\/v2\/posts"}],"about":[{"href":"https:\/\/archive.sana.sy\/es\/index.php?rest_route=\/wp\/v2\/types\/post"}],"author":[{"embeddable":true,"href":"https:\/\/archive.sana.sy\/es\/index.php?rest_route=\/wp\/v2\/users\/39"}],"replies":[{"embeddable":true,"href":"https:\/\/archive.sana.sy\/es\/index.php?rest_route=%2Fwp%2Fv2%2Fcomments&post=341219"}],"version-history":[{"count":1,"href":"https:\/\/archive.sana.sy\/es\/index.php?rest_route=\/wp\/v2\/posts\/341219\/revisions"}],"predecessor-version":[{"id":341221,"href":"https:\/\/archive.sana.sy\/es\/index.php?rest_route=\/wp\/v2\/posts\/341219\/revisions\/341221"}],"wp:featuredmedia":[{"embeddable":true,"href":"https:\/\/archive.sana.sy\/es\/index.php?rest_route=\/wp\/v2\/media\/341220"}],"wp:attachment":[{"href":"https:\/\/archive.sana.sy\/es\/index.php?rest_route=%2Fwp%2Fv2%2Fmedia&parent=341219"}],"wp:term":[{"taxonomy":"category","embeddable":true,"href":"https:\/\/archive.sana.sy\/es\/index.php?rest_route=%2Fwp%2Fv2%2Fcategories&post=341219"},{"taxonomy":"post_tag","embeddable":true,"href":"https:\/\/archive.sana.sy\/es\/index.php?rest_route=%2Fwp%2Fv2%2Ftags&post=341219"}],"curies":[{"name":"wp","href":"https:\/\/api.w.org\/{rel}","templated":true}]}}