{"id":341222,"date":"2024-10-25T15:07:24","date_gmt":"2024-10-25T12:07:24","guid":{"rendered":"https:\/\/sana.sy\/es\/?p=341222"},"modified":"2024-10-25T15:07:24","modified_gmt":"2024-10-25T12:07:24","slug":"tropas-israelies-asaltan-el-hospital-kamal-al-adwan-en-el-norte-de-gaza","status":"publish","type":"post","link":"https:\/\/archive.sana.sy\/es\/?p=341222","title":{"rendered":"Tropas israel\u00edes asaltan el hospital Kamal Al-Adwan en el norte de Gaza"},"content":{"rendered":"<p style=\"text-align: justify;\"><span style=\"color: #800000;\"><strong>Jerusal\u00e9n ocupada, 25 oct (SANA)<\/strong><\/span> Las fuerzas israel\u00edes irrumpieron en el hospital Kamal Adwan en Beit Lahia, en el norte de la Franja de Gaza, simult\u00e1neamente con la continuaci\u00f3n de la guerra genocida, los violentos bombardeos, el empeoramiento de los desastres humanitarios y el asfixiante asedio a las regiones del norte durante 21 d\u00edas.<\/p>\n<p style=\"text-align: justify;\">La Agencia Palestina \u00a0de noticias Wafa inform\u00f3 que las fuerzas sionistas arrollaron en el hospital y obligaron a los pacientes a bajar a la plaza principal, y se\u00f1al\u00f3 que las fuerzas del ocupante sionista intensificaron sus bombardeos contra los edificios del hospital antes de asaltarlo, lo que provoc\u00f3 heridas a varios miembros del personal m\u00e9dico, adem\u00e1s de la rotura de las ventanas de las habitaciones.<\/p>\n<p style=\"text-align: justify;\">Indic\u00f3 que la principal instalaci\u00f3n del ox\u00edgeno dentro del hospital sali\u00f3 de servicio tras bombardeos enemigos, lo que aument\u00f3 la gravedad de la situaci\u00f3n de salud de los pacientes.<\/p>\n<p style=\"text-align: justify;\">ahs\/sm<\/p>\n","protected":false},"excerpt":{"rendered":"<p>Jerusal\u00e9n ocupada, 25 oct (SANA) Las fuerzas israel\u00edes irrumpieron en el hospital Kamal Adwan en Beit Lahia, en el norte de la Franja de Gaza, simult\u00e1neamente con la continuaci\u00f3n de la guerra genocida, los violentos bombardeos, el empeoramiento de los desastres humanitarios y el asfixiante asedio a las regiones del norte durante 21 d\u00edas. La &hellip;<\/p>\n","protected":false},"author":43,"featured_media":341223,"comment_status":"closed","ping_status":"closed","sticky":false,"template":"","format":"standard","meta":{"footnotes":""},"categories":[597,456,16687,20724,7541],"tags":[],"class_list":["post-341222","post","type-post","status-publish","format-standard","has-post-thumbnail","","category-cinta-de-noticias","category-arabe-internacional-politica","category-internacionales","category-minuto-a-minuto","category-ultimas-noticias"],"_links":{"self":[{"href":"https:\/\/archive.sana.sy\/es\/index.php?rest_route=\/wp\/v2\/posts\/341222"}],"collection":[{"href":"https:\/\/archive.sana.sy\/es\/index.php?rest_route=\/wp\/v2\/posts"}],"about":[{"href":"https:\/\/archive.sana.sy\/es\/index.php?rest_route=\/wp\/v2\/types\/post"}],"author":[{"embeddable":true,"href":"https:\/\/archive.sana.sy\/es\/index.php?rest_route=\/wp\/v2\/users\/43"}],"replies":[{"embeddable":true,"href":"https:\/\/archive.sana.sy\/es\/index.php?rest_route=%2Fwp%2Fv2%2Fcomments&post=341222"}],"version-history":[{"count":1,"href":"https:\/\/archive.sana.sy\/es\/index.php?rest_route=\/wp\/v2\/posts\/341222\/revisions"}],"predecessor-version":[{"id":341224,"href":"https:\/\/archive.sana.sy\/es\/index.php?rest_route=\/wp\/v2\/posts\/341222\/revisions\/341224"}],"wp:featuredmedia":[{"embeddable":true,"href":"https:\/\/archive.sana.sy\/es\/index.php?rest_route=\/wp\/v2\/media\/341223"}],"wp:attachment":[{"href":"https:\/\/archive.sana.sy\/es\/index.php?rest_route=%2Fwp%2Fv2%2Fmedia&parent=341222"}],"wp:term":[{"taxonomy":"category","embeddable":true,"href":"https:\/\/archive.sana.sy\/es\/index.php?rest_route=%2Fwp%2Fv2%2Fcategories&post=341222"},{"taxonomy":"post_tag","embeddable":true,"href":"https:\/\/archive.sana.sy\/es\/index.php?rest_route=%2Fwp%2Fv2%2Ftags&post=341222"}],"curies":[{"name":"wp","href":"https:\/\/api.w.org\/{rel}","templated":true}]}}