{"id":341239,"date":"2024-10-25T18:19:05","date_gmt":"2024-10-25T15:19:05","guid":{"rendered":"https:\/\/sana.sy\/es\/?p=341239"},"modified":"2024-10-25T18:19:05","modified_gmt":"2024-10-25T15:19:05","slug":"oms-anuncia-perdida-de-contacto-con-el-hospital-kamal-adwan-en-gaza-tras-haber-sido-asaltado-por-tropas-israelies","status":"publish","type":"post","link":"https:\/\/archive.sana.sy\/es\/?p=341239","title":{"rendered":"OMS anuncia p\u00e9rdida de contacto con el hospital Kamal Adwan en Gaza tras haber sido asaltado por tropas israel\u00edes"},"content":{"rendered":"<p style=\"text-align: justify;\"><strong><span style=\"color: #800000;\">Jerusal\u00e9n ocupada, 25 oct (SANA)\u00a0<\/span> <\/strong>La Organizaci\u00f3n Mundial de la Salud (OMS) anunci\u00f3 la p\u00e9rdida de contacto con el personal del hospital Kamal Adwan en el norte de la Franja de Gaza tras haber sido asaltado por las tropas del ocupante israel\u00ed.<\/p>\n<p style=\"text-align: justify;\">&#8220;Lo que est\u00e1 sucediendo en el hospital Kamal Adwan es preocupante, dado que est\u00e1 superpoblado con unos 200 pacientes adem\u00e1s de cientos de personas desplazadas&#8221;, dijo el director general del referido organismo, Tedros Adhanom Ghebreyesus, en su cuenta en la plataforma X.<\/p>\n<p style=\"text-align: justify;\">Asimismo, asegur\u00f3 la p\u00e9rdida de comunicaci\u00f3n con el personal del mencionado centro de salud.<\/p>\n<p style=\"text-align: justify;\">sm<\/p>\n","protected":false},"excerpt":{"rendered":"<p>Jerusal\u00e9n ocupada, 25 oct (SANA)\u00a0 La Organizaci\u00f3n Mundial de la Salud (OMS) anunci\u00f3 la p\u00e9rdida de contacto con el personal del hospital Kamal Adwan en el norte de la Franja de Gaza tras haber sido asaltado por las tropas del ocupante israel\u00ed. &#8220;Lo que est\u00e1 sucediendo en el hospital Kamal Adwan es preocupante, dado que &hellip;<\/p>\n","protected":false},"author":39,"featured_media":341240,"comment_status":"closed","ping_status":"closed","sticky":false,"template":"","format":"standard","meta":{"footnotes":""},"categories":[597,456,16687,20724,7541],"tags":[],"class_list":["post-341239","post","type-post","status-publish","format-standard","has-post-thumbnail","","category-cinta-de-noticias","category-arabe-internacional-politica","category-internacionales","category-minuto-a-minuto","category-ultimas-noticias"],"_links":{"self":[{"href":"https:\/\/archive.sana.sy\/es\/index.php?rest_route=\/wp\/v2\/posts\/341239"}],"collection":[{"href":"https:\/\/archive.sana.sy\/es\/index.php?rest_route=\/wp\/v2\/posts"}],"about":[{"href":"https:\/\/archive.sana.sy\/es\/index.php?rest_route=\/wp\/v2\/types\/post"}],"author":[{"embeddable":true,"href":"https:\/\/archive.sana.sy\/es\/index.php?rest_route=\/wp\/v2\/users\/39"}],"replies":[{"embeddable":true,"href":"https:\/\/archive.sana.sy\/es\/index.php?rest_route=%2Fwp%2Fv2%2Fcomments&post=341239"}],"version-history":[{"count":1,"href":"https:\/\/archive.sana.sy\/es\/index.php?rest_route=\/wp\/v2\/posts\/341239\/revisions"}],"predecessor-version":[{"id":341241,"href":"https:\/\/archive.sana.sy\/es\/index.php?rest_route=\/wp\/v2\/posts\/341239\/revisions\/341241"}],"wp:featuredmedia":[{"embeddable":true,"href":"https:\/\/archive.sana.sy\/es\/index.php?rest_route=\/wp\/v2\/media\/341240"}],"wp:attachment":[{"href":"https:\/\/archive.sana.sy\/es\/index.php?rest_route=%2Fwp%2Fv2%2Fmedia&parent=341239"}],"wp:term":[{"taxonomy":"category","embeddable":true,"href":"https:\/\/archive.sana.sy\/es\/index.php?rest_route=%2Fwp%2Fv2%2Fcategories&post=341239"},{"taxonomy":"post_tag","embeddable":true,"href":"https:\/\/archive.sana.sy\/es\/index.php?rest_route=%2Fwp%2Fv2%2Ftags&post=341239"}],"curies":[{"name":"wp","href":"https:\/\/api.w.org\/{rel}","templated":true}]}}