{"id":341265,"date":"2024-10-26T13:05:46","date_gmt":"2024-10-26T10:05:46","guid":{"rendered":"https:\/\/sana.sy\/es\/?p=341265"},"modified":"2024-10-26T13:06:19","modified_gmt":"2024-10-26T10:06:19","slug":"recientes-agresiones-contra-libano-dejan-mas-de-400-muertos-y-988-heridos","status":"publish","type":"post","link":"https:\/\/archive.sana.sy\/es\/?p=341265","title":{"rendered":"Recientes agresiones israel\u00edes contra L\u00edbano dejan m\u00e1s de 400 muertos y 988 heridos"},"content":{"rendered":"<p style=\"text-align: justify;\"><span style=\"color: #800000;\"><strong>Beirut, 26 oct (SANA)<\/strong><\/span> Las agresiones israel\u00edes contin\u00faan contra las localidades y aldeas en el sur y este de L\u00edbano, dejando cientos de muertos y heridos, as\u00ed como graves da\u00f1os a propiedades y viviendas.<\/p>\n<p style=\"text-align: justify;\">Seg\u00fan la Agencia Nacional de Noticias de L\u00edbano, la \u00faltima cifra reportada de ataques israel\u00edes contra las provincias de Baalbek-Hermel y la Bekaa alcanz\u00f3 las 961 bombardeos, con un saldo de 427 muertos y 988 heridos.<\/p>\n<p style=\"text-align: justify;\">En la noche anterior, un ataque a\u00e9reo en la localidad de Chaitiyeh, en el sur del L\u00edbano, result\u00f3 en la muerte de tres personas.<\/p>\n<p style=\"text-align: justify;\">La agencia indic\u00f3 que las agresiones israel\u00edes destruyeron viviendas en las \u00e1reas cercanas a la valla de seguridad en la localidad de Adisseh, provocando fuertes explosiones en las regiones de Marjeyoun y Nabatiyeh.<\/p>\n<p style=\"text-align: justify;\">Adem\u00e1s, las agresiones alcanzaron otras \u00e1reas, incluida Mefdoun y partes de Nabatiyeh, as\u00ed como las ciudades de Tiro y Baalbek.<\/p>\n<p style=\"text-align: justify;\">Un ataque a\u00e9reo israel\u00ed contra la localidad de Amchaki caus\u00f3 heridas a un ciudadano, mientras que un bombardeo contra el barrio de Sawwan en Kfar Rumman destruy\u00f3 un edificio y caus\u00f3 da\u00f1os severos a los comercios y viviendas cercanas.<\/p>\n<p style=\"text-align: justify;\"><em><strong>ah<\/strong><\/em><\/p>\n","protected":false},"excerpt":{"rendered":"<p>Beirut, 26 oct (SANA) Las agresiones israel\u00edes contin\u00faan contra las localidades y aldeas en el sur y este de L\u00edbano, dejando cientos de muertos y heridos, as\u00ed como graves da\u00f1os a propiedades y viviendas. Seg\u00fan la Agencia Nacional de Noticias de L\u00edbano, la \u00faltima cifra reportada de ataques israel\u00edes contra las provincias de Baalbek-Hermel y &hellip;<\/p>\n","protected":false},"author":30,"featured_media":341266,"comment_status":"closed","ping_status":"closed","sticky":false,"template":"","format":"standard","meta":{"footnotes":""},"categories":[597,456,20724,7541],"tags":[],"class_list":["post-341265","post","type-post","status-publish","format-standard","has-post-thumbnail","","category-cinta-de-noticias","category-arabe-internacional-politica","category-minuto-a-minuto","category-ultimas-noticias"],"_links":{"self":[{"href":"https:\/\/archive.sana.sy\/es\/index.php?rest_route=\/wp\/v2\/posts\/341265"}],"collection":[{"href":"https:\/\/archive.sana.sy\/es\/index.php?rest_route=\/wp\/v2\/posts"}],"about":[{"href":"https:\/\/archive.sana.sy\/es\/index.php?rest_route=\/wp\/v2\/types\/post"}],"author":[{"embeddable":true,"href":"https:\/\/archive.sana.sy\/es\/index.php?rest_route=\/wp\/v2\/users\/30"}],"replies":[{"embeddable":true,"href":"https:\/\/archive.sana.sy\/es\/index.php?rest_route=%2Fwp%2Fv2%2Fcomments&post=341265"}],"version-history":[{"count":2,"href":"https:\/\/archive.sana.sy\/es\/index.php?rest_route=\/wp\/v2\/posts\/341265\/revisions"}],"predecessor-version":[{"id":341268,"href":"https:\/\/archive.sana.sy\/es\/index.php?rest_route=\/wp\/v2\/posts\/341265\/revisions\/341268"}],"wp:featuredmedia":[{"embeddable":true,"href":"https:\/\/archive.sana.sy\/es\/index.php?rest_route=\/wp\/v2\/media\/341266"}],"wp:attachment":[{"href":"https:\/\/archive.sana.sy\/es\/index.php?rest_route=%2Fwp%2Fv2%2Fmedia&parent=341265"}],"wp:term":[{"taxonomy":"category","embeddable":true,"href":"https:\/\/archive.sana.sy\/es\/index.php?rest_route=%2Fwp%2Fv2%2Fcategories&post=341265"},{"taxonomy":"post_tag","embeddable":true,"href":"https:\/\/archive.sana.sy\/es\/index.php?rest_route=%2Fwp%2Fv2%2Ftags&post=341265"}],"curies":[{"name":"wp","href":"https:\/\/api.w.org\/{rel}","templated":true}]}}