{"id":341269,"date":"2024-10-26T13:12:18","date_gmt":"2024-10-26T10:12:18","guid":{"rendered":"https:\/\/sana.sy\/es\/?p=341269"},"modified":"2024-10-26T13:13:49","modified_gmt":"2024-10-26T10:13:49","slug":"pueblo-de-iran-expresa-orgullo-ante-capacidad-defensiva-del-pais","status":"publish","type":"post","link":"https:\/\/archive.sana.sy\/es\/?p=341269","title":{"rendered":"Pueblo de Ir\u00e1n expresa orgullo ante capacidad defensiva contra &#8220;Israel&#8221;"},"content":{"rendered":"<p style=\"text-align: justify;\"><span style=\"color: #800000;\"><strong>Teher\u00e1n, 26 oct (SANA)<\/strong><\/span> La portavoz del gobierno de Ir\u00e1n, Fatemeh Mohajerani, afirm\u00f3 que la agresi\u00f3n israel\u00ed contra Ir\u00e1n caus\u00f3 da\u00f1os limitados, y destac\u00f3 que las fuerzas de defensa a\u00e9rea del pa\u00eds lograron interceptar la agresi\u00f3n.<\/p>\n<p style=\"text-align: justify;\">En declaraciones a la agencia de noticias iran\u00ed IRNA, Mohajerani expres\u00f3 que el pueblo iran\u00ed se siente orgulloso de la capacidad defensiva de su pa\u00eds y conf\u00eda en ella tras el exitoso repeler de la agresi\u00f3n sionista.<\/p>\n<p style=\"text-align: justify;\">Subray\u00f3 que los da\u00f1os del ataque son menores en comparaci\u00f3n con las im\u00e1genes distorsionadas que algunos medios difundieron.<\/p>\n<p style=\"text-align: justify;\">Mohajerani inst\u00f3 a los iran\u00edes a evitar rumores y a seguir \u00fanicamente las noticias de medios de prensa oficiales.<\/p>\n<p style=\"text-align: justify;\">Tambi\u00e9n inform\u00f3 que la situaci\u00f3n en Ir\u00e1n es normal y que los vuelos se reanudaron a las 9:00 a.m. hora local.<\/p>\n<p style=\"text-align: justify;\">Las relaciones p\u00fablicas de la defensa a\u00e9rea iran\u00ed confirmaron en un comunicado anterior el \u00e9xito de los sistemas de defensa a\u00e9rea para contrarrestar los intentos de la entidad sionista de atacar varios sitios en las provincias de Teher\u00e1n, Juzest\u00e1n e Ilam.<\/p>\n<p style=\"text-align: justify;\"><em><strong>ah<\/strong><\/em><\/p>\n","protected":false},"excerpt":{"rendered":"<p>Teher\u00e1n, 26 oct (SANA) La portavoz del gobierno de Ir\u00e1n, Fatemeh Mohajerani, afirm\u00f3 que la agresi\u00f3n israel\u00ed contra Ir\u00e1n caus\u00f3 da\u00f1os limitados, y destac\u00f3 que las fuerzas de defensa a\u00e9rea del pa\u00eds lograron interceptar la agresi\u00f3n. En declaraciones a la agencia de noticias iran\u00ed IRNA, Mohajerani expres\u00f3 que el pueblo iran\u00ed se siente orgulloso de &hellip;<\/p>\n","protected":false},"author":30,"featured_media":341270,"comment_status":"closed","ping_status":"closed","sticky":false,"template":"","format":"standard","meta":{"footnotes":""},"categories":[597,456,20724,7541],"tags":[],"class_list":["post-341269","post","type-post","status-publish","format-standard","has-post-thumbnail","","category-cinta-de-noticias","category-arabe-internacional-politica","category-minuto-a-minuto","category-ultimas-noticias"],"_links":{"self":[{"href":"https:\/\/archive.sana.sy\/es\/index.php?rest_route=\/wp\/v2\/posts\/341269"}],"collection":[{"href":"https:\/\/archive.sana.sy\/es\/index.php?rest_route=\/wp\/v2\/posts"}],"about":[{"href":"https:\/\/archive.sana.sy\/es\/index.php?rest_route=\/wp\/v2\/types\/post"}],"author":[{"embeddable":true,"href":"https:\/\/archive.sana.sy\/es\/index.php?rest_route=\/wp\/v2\/users\/30"}],"replies":[{"embeddable":true,"href":"https:\/\/archive.sana.sy\/es\/index.php?rest_route=%2Fwp%2Fv2%2Fcomments&post=341269"}],"version-history":[{"count":2,"href":"https:\/\/archive.sana.sy\/es\/index.php?rest_route=\/wp\/v2\/posts\/341269\/revisions"}],"predecessor-version":[{"id":341273,"href":"https:\/\/archive.sana.sy\/es\/index.php?rest_route=\/wp\/v2\/posts\/341269\/revisions\/341273"}],"wp:featuredmedia":[{"embeddable":true,"href":"https:\/\/archive.sana.sy\/es\/index.php?rest_route=\/wp\/v2\/media\/341270"}],"wp:attachment":[{"href":"https:\/\/archive.sana.sy\/es\/index.php?rest_route=%2Fwp%2Fv2%2Fmedia&parent=341269"}],"wp:term":[{"taxonomy":"category","embeddable":true,"href":"https:\/\/archive.sana.sy\/es\/index.php?rest_route=%2Fwp%2Fv2%2Fcategories&post=341269"},{"taxonomy":"post_tag","embeddable":true,"href":"https:\/\/archive.sana.sy\/es\/index.php?rest_route=%2Fwp%2Fv2%2Ftags&post=341269"}],"curies":[{"name":"wp","href":"https:\/\/api.w.org\/{rel}","templated":true}]}}