{"id":341274,"date":"2024-10-26T13:37:40","date_gmt":"2024-10-26T10:37:40","guid":{"rendered":"https:\/\/sana.sy\/es\/?p=341274"},"modified":"2024-10-26T14:50:22","modified_gmt":"2024-10-26T11:50:22","slug":"iran-informa-sobre-danos-limitados-tras-agresion-israeli-y-denuncia-de-desinformacion","status":"publish","type":"post","link":"https:\/\/archive.sana.sy\/es\/?p=341274","title":{"rendered":"Ir\u00e1n informa de da\u00f1os limitados por agresi\u00f3n israel\u00ed y denuncia desinformaci\u00f3n"},"content":{"rendered":"<p style=\"text-align: justify;\"><span style=\"color: #800000;\"><strong>Teher\u00e1n, 26 oct (SANA)<\/strong><\/span> Las defensas a\u00e9reas iran\u00edes repelieron esta madrugada del s\u00e1bado, una agresi\u00f3n \u00a0sionista contra varias localidades del pa\u00eds.<\/p>\n<p style=\"text-align: justify;\">Medios de prensa iran\u00edes informaron que las defensas a\u00e9reas lograron interceptar objetivos hostiles que intentaban atacar diversas \u00e1reas, y subrayaron que no se atacaron centros militares de la Guardia Revolucionaria.<\/p>\n<p style=\"text-align: justify;\">Indicaron que la defensa antia\u00e9rea de Ir\u00e1n contrarrest\u00f3 la mayor\u00eda de los ataques israel\u00edes, y catalog\u00f3 la agresi\u00f3n como d\u00e9bil que result\u00f3 en da\u00f1os limitados.<\/p>\n<p style=\"text-align: justify;\">Adem\u00e1s, la prensa iran\u00ed desminti\u00f3 las alegaciones israel\u00edes de atacar 20 posiciones en Ir\u00e1n, y lo calificar de un intento israel\u00ed de exagerar la magnitud de la ofensiva.<\/p>\n<p style=\"text-align: justify;\">Por su parte, la oficina de relaciones p\u00fablicas de la defensa a\u00e9rea iran\u00ed comunic\u00f3 que pese a las advertencias previas por parte de funcionarios iran\u00edes a \u201cIsrael\u201d para evitar cualquier acci\u00f3n provocativa, esta entidad ficticia atac\u00f3 en la madrugada de hoy, en un acto provocador, centros militares en las provincias de Teher\u00e1n, Juzest\u00e1n y Elam.<\/p>\n<p style=\"text-align: justify;\">\u201cEste acto agresivo fue interceptado y enfrentado con \u00e9xito por el sistema integral de defensa a\u00e9rea\u201d, destac\u00f3 la defensa antia\u00e9rea de Ir\u00e1n.<\/p>\n<p style=\"text-align: justify;\">Tambi\u00e9n, el comunicado se\u00f1al\u00f3 que se hab\u00edan producido da\u00f1os limitados en algunos puntos y que se est\u00e1 investigando el alcance de la agresi\u00f3n, e inst\u00f3 a los ciudadanos iran\u00edes a mantener la calma y la solidaridad, y a seguir las noticias sobre esta agresi\u00f3n a trav\u00e9s de los medios nacionales de Ir\u00e1n.<\/p>\n<p style=\"text-align: justify;\"><img loading=\"lazy\" decoding=\"async\" class=\"wp-image-341281 alignleft\" src=\"http:\/\/sana.sy\/es\/wp-content\/uploads\/2024\/10\/Siria-condena-agresion-contra-Iran.jpg\" alt=\"\" width=\"408\" height=\"291\" srcset=\"https:\/\/archive.sana.sy\/es\/wp-content\/uploads\/2024\/10\/Siria-condena-agresion-contra-Iran.jpg 1280w, https:\/\/archive.sana.sy\/es\/wp-content\/uploads\/2024\/10\/Siria-condena-agresion-contra-Iran-300x214.jpg 300w, https:\/\/archive.sana.sy\/es\/wp-content\/uploads\/2024\/10\/Siria-condena-agresion-contra-Iran-1024x730.jpg 1024w, https:\/\/archive.sana.sy\/es\/wp-content\/uploads\/2024\/10\/Siria-condena-agresion-contra-Iran-150x107.jpg 150w, https:\/\/archive.sana.sy\/es\/wp-content\/uploads\/2024\/10\/Siria-condena-agresion-contra-Iran-768x547.jpg 768w\" sizes=\"(max-width: 408px) 100vw, 408px\" \/>Previamente, un portavoz de la defensa a\u00e9rea iran\u00ed declar\u00f3 que las defensas a\u00e9reas repelieron intentos de la entidad sionista de atacar varios puntos en el pa\u00eds, y destac\u00f3 que las explosiones escuchadas cerca de Teher\u00e1n se deben a la respuesta defensiva en tres ubicaciones fuera de la capital.<\/p>\n<p style=\"text-align: justify;\">La Organizaci\u00f3n de Aviaci\u00f3n Civil de Ir\u00e1n anunci\u00f3 en la madrugada de hoy la suspensi\u00f3n de todos los vuelos hasta nuevo aviso tras el ataque israel\u00ed, pero, despu\u00e9s de varias horas, comunic\u00f3 que las operaciones a\u00e9reas hab\u00edan vuelto a la normalidad.<\/p>\n<p style=\"text-align: justify;\">Por otro lado, el portavoz de la refiner\u00eda de petr\u00f3leo de Teher\u00e1n desminti\u00f3 las afirmaciones israel\u00edes sobre un ataque a la refiner\u00eda durante la ofensiva de esta madrugada, asegurando que la instalaci\u00f3n opera con normalidad.<\/p>\n<p style=\"text-align: justify;\">Adem\u00e1s, enfatiz\u00f3 que el sistema de defensa a\u00e9rea de la refiner\u00eda est\u00e1 completamente preparado y listo para repeler cualquier ataque potencial.<\/p>\n<p style=\"text-align: justify;\">ah\/fm<\/p>\n","protected":false},"excerpt":{"rendered":"<p>Teher\u00e1n, 26 oct (SANA) Las defensas a\u00e9reas iran\u00edes repelieron esta madrugada del s\u00e1bado, una agresi\u00f3n \u00a0sionista contra varias localidades del pa\u00eds. Medios de prensa iran\u00edes informaron que las defensas a\u00e9reas lograron interceptar objetivos hostiles que intentaban atacar diversas \u00e1reas, y subrayaron que no se atacaron centros militares de la Guardia Revolucionaria. Indicaron que la defensa &hellip;<\/p>\n","protected":false},"author":30,"featured_media":341286,"comment_status":"closed","ping_status":"closed","sticky":false,"template":"","format":"standard","meta":{"footnotes":""},"categories":[597,456,20724,583],"tags":[],"class_list":["post-341274","post","type-post","status-publish","format-standard","has-post-thumbnail","","category-cinta-de-noticias","category-arabe-internacional-politica","category-minuto-a-minuto","category-slide"],"_links":{"self":[{"href":"https:\/\/archive.sana.sy\/es\/index.php?rest_route=\/wp\/v2\/posts\/341274"}],"collection":[{"href":"https:\/\/archive.sana.sy\/es\/index.php?rest_route=\/wp\/v2\/posts"}],"about":[{"href":"https:\/\/archive.sana.sy\/es\/index.php?rest_route=\/wp\/v2\/types\/post"}],"author":[{"embeddable":true,"href":"https:\/\/archive.sana.sy\/es\/index.php?rest_route=\/wp\/v2\/users\/30"}],"replies":[{"embeddable":true,"href":"https:\/\/archive.sana.sy\/es\/index.php?rest_route=%2Fwp%2Fv2%2Fcomments&post=341274"}],"version-history":[{"count":3,"href":"https:\/\/archive.sana.sy\/es\/index.php?rest_route=\/wp\/v2\/posts\/341274\/revisions"}],"predecessor-version":[{"id":341288,"href":"https:\/\/archive.sana.sy\/es\/index.php?rest_route=\/wp\/v2\/posts\/341274\/revisions\/341288"}],"wp:featuredmedia":[{"embeddable":true,"href":"https:\/\/archive.sana.sy\/es\/index.php?rest_route=\/wp\/v2\/media\/341286"}],"wp:attachment":[{"href":"https:\/\/archive.sana.sy\/es\/index.php?rest_route=%2Fwp%2Fv2%2Fmedia&parent=341274"}],"wp:term":[{"taxonomy":"category","embeddable":true,"href":"https:\/\/archive.sana.sy\/es\/index.php?rest_route=%2Fwp%2Fv2%2Fcategories&post=341274"},{"taxonomy":"post_tag","embeddable":true,"href":"https:\/\/archive.sana.sy\/es\/index.php?rest_route=%2Fwp%2Fv2%2Ftags&post=341274"}],"curies":[{"name":"wp","href":"https:\/\/api.w.org\/{rel}","templated":true}]}}