{"id":341277,"date":"2024-10-26T13:56:01","date_gmt":"2024-10-26T10:56:01","guid":{"rendered":"https:\/\/sana.sy\/es\/?p=341277"},"modified":"2024-10-26T13:56:01","modified_gmt":"2024-10-26T10:56:01","slug":"oman-y-arabia-saudita-condenan-agresion-israeli-a-iran-y-advierten-sobre-sus-consecuencias","status":"publish","type":"post","link":"https:\/\/archive.sana.sy\/es\/?p=341277","title":{"rendered":"Om\u00e1n y Arabia Saudita condenan agresi\u00f3n israel\u00ed a Ir\u00e1n y advierten sobre sus consecuencias"},"content":{"rendered":"<p style=\"text-align: justify;\"><span style=\"color: #800000;\"><strong> Mascate,26 oct (SANA)\u00a0<\/strong><\/span> Om\u00e1n y Arabia Saudita expresaron su firme condena a la reciente agresi\u00f3n israel\u00ed contra territorio iran\u00ed, consider\u00e1ndola una violaci\u00f3n de la soberan\u00eda de Ir\u00e1n y de las normas del derecho internacional.<\/p>\n<p style=\"text-align: justify;\">En un comunicado, el Ministerio de Relaciones Exteriores oman\u00ed critic\u00f3 las agresiones israel\u00edes continuas, y subray\u00f3 que estas acciones amenazan con aumentar la inestabilidad en la regi\u00f3n.<\/p>\n<p style=\"text-align: justify;\">Om\u00e1n enfatiz\u00f3 la necesidad de abordar las causas subyacentes de las crisis en la regi\u00f3n, instando a la comunidad internacional a actuar para detener la agresi\u00f3n y garantizar los derechos del pueblo palestino.<\/p>\n<p style=\"text-align: justify;\">Adem\u00e1s, renov\u00f3 el llamado a una acci\u00f3n internacional efectiva para poner fin a estas violaciones.<\/p>\n<p style=\"text-align: justify;\">Por su parte, Arabia Saudita tambi\u00e9n conden\u00f3 el ataque militar israel\u00ed, y reiter\u00f3 su rechazo a la escalada de conflictos en la regi\u00f3n, as\u00ed como advirti\u00f3 que tales acciones ponen en peligro la seguridad y estabilidad de los pa\u00edses vecinos.<\/p>\n<p style=\"text-align: justify;\">El Ministerio de Relaciones Exteriores saudita hizo un llamado a la comunidad internacional para que intervenga con el fin de reducir las tensiones y finalizar los conflictos en la regi\u00f3n, mientras que las fuerzas de defensa a\u00e9rea iran\u00edes repelieron con \u00e9xito el ataque israel\u00ed a m\u00faltiples puntos en el pa\u00eds.<\/p>\n<p style=\"text-align: justify;\">Ambos pa\u00edses subrayaron la importancia de la estabilidad regional y la necesidad de un enfoque diplom\u00e1tico para resolver las tensiones actuales.<\/p>\n<p>ah<\/p>\n","protected":false},"excerpt":{"rendered":"<p>Mascate,26 oct (SANA)\u00a0 Om\u00e1n y Arabia Saudita expresaron su firme condena a la reciente agresi\u00f3n israel\u00ed contra territorio iran\u00ed, consider\u00e1ndola una violaci\u00f3n de la soberan\u00eda de Ir\u00e1n y de las normas del derecho internacional. En un comunicado, el Ministerio de Relaciones Exteriores oman\u00ed critic\u00f3 las agresiones israel\u00edes continuas, y subray\u00f3 que estas acciones amenazan con &hellip;<\/p>\n","protected":false},"author":30,"featured_media":341278,"comment_status":"closed","ping_status":"closed","sticky":false,"template":"","format":"standard","meta":{"footnotes":""},"categories":[597,456,20724,7541],"tags":[],"class_list":["post-341277","post","type-post","status-publish","format-standard","has-post-thumbnail","","category-cinta-de-noticias","category-arabe-internacional-politica","category-minuto-a-minuto","category-ultimas-noticias"],"_links":{"self":[{"href":"https:\/\/archive.sana.sy\/es\/index.php?rest_route=\/wp\/v2\/posts\/341277"}],"collection":[{"href":"https:\/\/archive.sana.sy\/es\/index.php?rest_route=\/wp\/v2\/posts"}],"about":[{"href":"https:\/\/archive.sana.sy\/es\/index.php?rest_route=\/wp\/v2\/types\/post"}],"author":[{"embeddable":true,"href":"https:\/\/archive.sana.sy\/es\/index.php?rest_route=\/wp\/v2\/users\/30"}],"replies":[{"embeddable":true,"href":"https:\/\/archive.sana.sy\/es\/index.php?rest_route=%2Fwp%2Fv2%2Fcomments&post=341277"}],"version-history":[{"count":1,"href":"https:\/\/archive.sana.sy\/es\/index.php?rest_route=\/wp\/v2\/posts\/341277\/revisions"}],"predecessor-version":[{"id":341279,"href":"https:\/\/archive.sana.sy\/es\/index.php?rest_route=\/wp\/v2\/posts\/341277\/revisions\/341279"}],"wp:featuredmedia":[{"embeddable":true,"href":"https:\/\/archive.sana.sy\/es\/index.php?rest_route=\/wp\/v2\/media\/341278"}],"wp:attachment":[{"href":"https:\/\/archive.sana.sy\/es\/index.php?rest_route=%2Fwp%2Fv2%2Fmedia&parent=341277"}],"wp:term":[{"taxonomy":"category","embeddable":true,"href":"https:\/\/archive.sana.sy\/es\/index.php?rest_route=%2Fwp%2Fv2%2Fcategories&post=341277"},{"taxonomy":"post_tag","embeddable":true,"href":"https:\/\/archive.sana.sy\/es\/index.php?rest_route=%2Fwp%2Fv2%2Ftags&post=341277"}],"curies":[{"name":"wp","href":"https:\/\/api.w.org\/{rel}","templated":true}]}}