{"id":341284,"date":"2024-10-26T14:40:03","date_gmt":"2024-10-26T11:40:03","guid":{"rendered":"https:\/\/sana.sy\/es\/?p=341284"},"modified":"2024-10-26T14:40:03","modified_gmt":"2024-10-26T11:40:03","slug":"%e2%9a%a1%ef%b8%8f%f0%9f%87%b5%f0%9f%87%b8-actualizacion-las-autoridades-sanitarias-en-gaza-afirman-que-el-numero-de-muertos-por-agresiones-israelies-en-la-franja-de-gaza-aumento-a-42-924-muertos-y-1","status":"publish","type":"post","link":"https:\/\/archive.sana.sy\/es\/?p=341284","title":{"rendered":"&#x26a1;&#xfe0f;&#x1f1f5;&#x1f1f8; Actualizaci\u00f3n| Las autoridades sanitarias en Gaza afirman que el n\u00famero de muertos por agresiones israel\u00edes en la Franja de Gaza aument\u00f3 a 42.924 muertos y 100.833 heridos, desde el 7 de octubre de 2023."},"content":{"rendered":"","protected":false},"excerpt":{"rendered":"","protected":false},"author":32,"featured_media":0,"comment_status":"closed","ping_status":"closed","sticky":false,"template":"","format":"standard","meta":{"footnotes":""},"categories":[20724],"tags":[],"class_list":["post-341284","post","type-post","status-publish","format-standard","","category-minuto-a-minuto"],"_links":{"self":[{"href":"https:\/\/archive.sana.sy\/es\/index.php?rest_route=\/wp\/v2\/posts\/341284"}],"collection":[{"href":"https:\/\/archive.sana.sy\/es\/index.php?rest_route=\/wp\/v2\/posts"}],"about":[{"href":"https:\/\/archive.sana.sy\/es\/index.php?rest_route=\/wp\/v2\/types\/post"}],"author":[{"embeddable":true,"href":"https:\/\/archive.sana.sy\/es\/index.php?rest_route=\/wp\/v2\/users\/32"}],"replies":[{"embeddable":true,"href":"https:\/\/archive.sana.sy\/es\/index.php?rest_route=%2Fwp%2Fv2%2Fcomments&post=341284"}],"version-history":[{"count":1,"href":"https:\/\/archive.sana.sy\/es\/index.php?rest_route=\/wp\/v2\/posts\/341284\/revisions"}],"predecessor-version":[{"id":341285,"href":"https:\/\/archive.sana.sy\/es\/index.php?rest_route=\/wp\/v2\/posts\/341284\/revisions\/341285"}],"wp:attachment":[{"href":"https:\/\/archive.sana.sy\/es\/index.php?rest_route=%2Fwp%2Fv2%2Fmedia&parent=341284"}],"wp:term":[{"taxonomy":"category","embeddable":true,"href":"https:\/\/archive.sana.sy\/es\/index.php?rest_route=%2Fwp%2Fv2%2Fcategories&post=341284"},{"taxonomy":"post_tag","embeddable":true,"href":"https:\/\/archive.sana.sy\/es\/index.php?rest_route=%2Fwp%2Fv2%2Ftags&post=341284"}],"curies":[{"name":"wp","href":"https:\/\/api.w.org\/{rel}","templated":true}]}}