{"id":341338,"date":"2024-10-27T06:17:35","date_gmt":"2024-10-27T03:17:35","guid":{"rendered":"https:\/\/sana.sy\/es\/?p=341338"},"modified":"2024-10-27T08:19:43","modified_gmt":"2024-10-27T05:19:43","slug":"venezuela-sobre-ataques-de-israel-contra-iran-y-siria-son-acciones-terroristas-y-genocidas","status":"publish","type":"post","link":"https:\/\/archive.sana.sy\/es\/?p=341338","title":{"rendered":"Venezuela sobre ataques de Israel contra Ir\u00e1n y Siria: son acciones terroristas y genocidas"},"content":{"rendered":"<p style=\"text-align: justify;\"><span style=\"color: #800000;\"><strong>Caracas, 27 oct (SANA)<\/strong> <\/span>El Gobierno de Venezuela conden\u00f3 las agresiones a\u00e9reas perpetradas por &#8220;Israel&#8221; contra Ir\u00e1n y Siria, y los calific\u00f3 de acciones terroristas y genocidas.<\/p>\n<p style=\"text-align: justify;\">La canciller\u00eda denunci\u00f3 en un comunicado que dichas acciones violan la soberan\u00eda de estos pa\u00edses y constituyen una amenaza contra la paz y seguridad regionales.<\/p>\n<p style=\"text-align: justify;\">Inst\u00f3 a que &#8220;Israel&#8221; sea detenido por la comunidad internacional mediante los \u00f3rganos pol\u00edticos y de justicia para evitar una escalada mayor.<\/p>\n<p style=\"text-align: justify;\">Asimismo, se\u00f1al\u00f3 a Israel de violar de manera continuada el derecho internacional.<\/p>\n<p style=\"text-align: justify;\">fm<\/p>\n<p style=\"text-align: justify;\">\n","protected":false},"excerpt":{"rendered":"<p>Caracas, 27 oct (SANA) El Gobierno de Venezuela conden\u00f3 las agresiones a\u00e9reas perpetradas por &#8220;Israel&#8221; contra Ir\u00e1n y Siria, y los calific\u00f3 de acciones terroristas y genocidas. La canciller\u00eda denunci\u00f3 en un comunicado que dichas acciones violan la soberan\u00eda de estos pa\u00edses y constituyen una amenaza contra la paz y seguridad regionales. Inst\u00f3 a que &hellip;<\/p>\n","protected":false},"author":34,"featured_media":341339,"comment_status":"closed","ping_status":"closed","sticky":false,"template":"","format":"standard","meta":{"footnotes":""},"categories":[477,447,597,20724,467,7541],"tags":[],"class_list":["post-341338","post","type-post","status-publish","format-standard","has-post-thumbnail","","category-noticias-edulcorantes","category-local-politica","category-cinta-de-noticias","category-minuto-a-minuto","category-siria-y-el-mundo","category-ultimas-noticias"],"_links":{"self":[{"href":"https:\/\/archive.sana.sy\/es\/index.php?rest_route=\/wp\/v2\/posts\/341338"}],"collection":[{"href":"https:\/\/archive.sana.sy\/es\/index.php?rest_route=\/wp\/v2\/posts"}],"about":[{"href":"https:\/\/archive.sana.sy\/es\/index.php?rest_route=\/wp\/v2\/types\/post"}],"author":[{"embeddable":true,"href":"https:\/\/archive.sana.sy\/es\/index.php?rest_route=\/wp\/v2\/users\/34"}],"replies":[{"embeddable":true,"href":"https:\/\/archive.sana.sy\/es\/index.php?rest_route=%2Fwp%2Fv2%2Fcomments&post=341338"}],"version-history":[{"count":2,"href":"https:\/\/archive.sana.sy\/es\/index.php?rest_route=\/wp\/v2\/posts\/341338\/revisions"}],"predecessor-version":[{"id":341341,"href":"https:\/\/archive.sana.sy\/es\/index.php?rest_route=\/wp\/v2\/posts\/341338\/revisions\/341341"}],"wp:featuredmedia":[{"embeddable":true,"href":"https:\/\/archive.sana.sy\/es\/index.php?rest_route=\/wp\/v2\/media\/341339"}],"wp:attachment":[{"href":"https:\/\/archive.sana.sy\/es\/index.php?rest_route=%2Fwp%2Fv2%2Fmedia&parent=341338"}],"wp:term":[{"taxonomy":"category","embeddable":true,"href":"https:\/\/archive.sana.sy\/es\/index.php?rest_route=%2Fwp%2Fv2%2Fcategories&post=341338"},{"taxonomy":"post_tag","embeddable":true,"href":"https:\/\/archive.sana.sy\/es\/index.php?rest_route=%2Fwp%2Fv2%2Ftags&post=341338"}],"curies":[{"name":"wp","href":"https:\/\/api.w.org\/{rel}","templated":true}]}}