{"id":341352,"date":"2024-10-27T14:28:23","date_gmt":"2024-10-27T11:28:23","guid":{"rendered":"https:\/\/sana.sy\/es\/?p=341352"},"modified":"2024-10-27T14:30:31","modified_gmt":"2024-10-27T11:30:31","slug":"cuba-condena-agresion-israeli-contra-periodistas-en-libano","status":"publish","type":"post","link":"https:\/\/archive.sana.sy\/es\/?p=341352","title":{"rendered":"Cuba condena agresi\u00f3n israel\u00ed contra periodistas en L\u00edbano"},"content":{"rendered":"<p style=\"text-align: justify;\"><strong><span style=\"color: #800000;\">La Habana, 27 oct (SANA)\u00a0 \u00a0<\/span><\/strong>El ministro de Relaciones Exteriores de Cuba, Bruno Rodr\u00edguez Parrilla, conden\u00f3 el reciente ataque israel\u00ed a la residencia de periodistas en el L\u00edbano y afirm\u00f3 que el mismo constituye una flagrante violaci\u00f3n del derecho internacional humanitario.<\/p>\n<p style=\"text-align: justify;\">\u201cSe debe poner fin a la impunidad por los graves cr\u00edmenes cometidos contra los pueblos el palestino y el liban\u00e9s, dijo Rodr\u00edguez en un comunicado.<\/p>\n<p style=\"text-align: justify;\">Agreg\u00f3 que el ej\u00e9rcito sionista est\u00e1 tratando de silenciar la red de periodistas de los pilares de la resistencia medi\u00e1tica contra el genocidio cometido contra los palestinos, libaneses y los pueblos vecinos en esa regi\u00f3n del mundo.<\/p>\n<p style=\"text-align: justify;\">A su vez, la Uni\u00f3n de Periodistas de Cuba expres\u00f3 su profunda solidaridad con los funcionarios y trabajadores de los medios de comunicaci\u00f3n libaneses, y conden\u00f3 la agresi\u00f3n deliberada y criminal ocurrida el pasado viernes contra un centro de periodistas y fot\u00f3grafos en la ciudad libanesa de Hasbaya.<\/p>\n<p style=\"text-align: justify;\">Tres periodistas perdieron la vida y otros tres resultaron heridos en un ataque israel\u00ed contra una residencia de los periodistas en la ciudad de Hasbaya en la gobernaci\u00f3n de Nabatieh, en el sur del L\u00edbano.<\/p>\n<p style=\"text-align: justify;\"><span style=\"color: #800000;\"><strong>fm\/ws<\/strong><\/span><\/p>\n","protected":false},"excerpt":{"rendered":"<p>La Habana, 27 oct (SANA)\u00a0 \u00a0El ministro de Relaciones Exteriores de Cuba, Bruno Rodr\u00edguez Parrilla, conden\u00f3 el reciente ataque israel\u00ed a la residencia de periodistas en el L\u00edbano y afirm\u00f3 que el mismo constituye una flagrante violaci\u00f3n del derecho internacional humanitario. \u201cSe debe poner fin a la impunidad por los graves cr\u00edmenes cometidos contra los &hellip;<\/p>\n","protected":false},"author":35,"featured_media":341354,"comment_status":"closed","ping_status":"closed","sticky":false,"template":"","format":"standard","meta":{"footnotes":""},"categories":[597,456,16687,20724,7541],"tags":[],"class_list":["post-341352","post","type-post","status-publish","format-standard","has-post-thumbnail","","category-cinta-de-noticias","category-arabe-internacional-politica","category-internacionales","category-minuto-a-minuto","category-ultimas-noticias"],"_links":{"self":[{"href":"https:\/\/archive.sana.sy\/es\/index.php?rest_route=\/wp\/v2\/posts\/341352"}],"collection":[{"href":"https:\/\/archive.sana.sy\/es\/index.php?rest_route=\/wp\/v2\/posts"}],"about":[{"href":"https:\/\/archive.sana.sy\/es\/index.php?rest_route=\/wp\/v2\/types\/post"}],"author":[{"embeddable":true,"href":"https:\/\/archive.sana.sy\/es\/index.php?rest_route=\/wp\/v2\/users\/35"}],"replies":[{"embeddable":true,"href":"https:\/\/archive.sana.sy\/es\/index.php?rest_route=%2Fwp%2Fv2%2Fcomments&post=341352"}],"version-history":[{"count":2,"href":"https:\/\/archive.sana.sy\/es\/index.php?rest_route=\/wp\/v2\/posts\/341352\/revisions"}],"predecessor-version":[{"id":341355,"href":"https:\/\/archive.sana.sy\/es\/index.php?rest_route=\/wp\/v2\/posts\/341352\/revisions\/341355"}],"wp:featuredmedia":[{"embeddable":true,"href":"https:\/\/archive.sana.sy\/es\/index.php?rest_route=\/wp\/v2\/media\/341354"}],"wp:attachment":[{"href":"https:\/\/archive.sana.sy\/es\/index.php?rest_route=%2Fwp%2Fv2%2Fmedia&parent=341352"}],"wp:term":[{"taxonomy":"category","embeddable":true,"href":"https:\/\/archive.sana.sy\/es\/index.php?rest_route=%2Fwp%2Fv2%2Fcategories&post=341352"},{"taxonomy":"post_tag","embeddable":true,"href":"https:\/\/archive.sana.sy\/es\/index.php?rest_route=%2Fwp%2Fv2%2Ftags&post=341352"}],"curies":[{"name":"wp","href":"https:\/\/api.w.org\/{rel}","templated":true}]}}