{"id":341386,"date":"2024-10-27T18:53:58","date_gmt":"2024-10-27T15:53:58","guid":{"rendered":"https:\/\/sana.sy\/es\/?p=341386"},"modified":"2024-10-27T18:53:58","modified_gmt":"2024-10-27T15:53:58","slug":"siria-revela-el-numero-de-agresiones-israelies-contra-su-territorio","status":"publish","type":"post","link":"https:\/\/archive.sana.sy\/es\/?p=341386","title":{"rendered":"Siria revela el n\u00famero de agresiones israel\u00edes contra su territorio"},"content":{"rendered":"<p><span style=\"color: #800000;\"><strong>Damasco, 27 oct (SANA)\u00a0<\/strong><\/span> El ministro de Asuntos Exteriores y Expatriados de Siria, Bassam Sabbagh, envi\u00f3 el pasado d\u00eda 22 de este mes, un mensaje al Secretario General de las Naciones Unidas, en la que enumer\u00f3 los ataques israel\u00edes en territorio sirio, y asegur\u00f3 que sumaban 116 ataques desde el 7 de octubre de 2023.<\/p>\n<p>Esta cifra no incluye los 4 ataques perpetrados del d\u00eda 22 del mes en curso hasta la actualidad.<\/p>\n<p>En estas agresiones, \u201cIsrael\u201d atac\u00f3 con las armas m\u00e1s modernos y letales a civiles inocentes, incluidos mujeres y ni\u00f1os, instalaciones de producci\u00f3n y servicios, infraestructura e incluso sedes diplom\u00e1ticas y cruces fronterizos utilizados a diario por miles de personas procedentes del hermano L\u00edbano.<\/p>\n<p>Estas acciones hostiles provocaron la muerte de m\u00e1s de 100 personas, adem\u00e1s de p\u00e9rdidas materiales y da\u00f1os importantes en la propiedad p\u00fablica y privada.<\/p>\n<p>fm<\/p>\n<div id='gallery-1' class='gallery galleryid-341386 gallery-columns-1 gallery-size-full'><figure class='gallery-item'>\n\t\t\t<div class='gallery-icon landscape'>\n\t\t\t\t<a href='https:\/\/archive.sana.sy\/es\/wp-content\/uploads\/2024\/10\/photo_2024-10-08_22-01-52.jpg'><img loading=\"lazy\" decoding=\"async\" width=\"1280\" height=\"822\" src=\"https:\/\/archive.sana.sy\/es\/wp-content\/uploads\/2024\/10\/photo_2024-10-08_22-01-52.jpg\" class=\"attachment-full size-full\" alt=\"\" srcset=\"https:\/\/archive.sana.sy\/es\/wp-content\/uploads\/2024\/10\/photo_2024-10-08_22-01-52.jpg 1280w, https:\/\/archive.sana.sy\/es\/wp-content\/uploads\/2024\/10\/photo_2024-10-08_22-01-52-300x193.jpg 300w, https:\/\/archive.sana.sy\/es\/wp-content\/uploads\/2024\/10\/photo_2024-10-08_22-01-52-1024x658.jpg 1024w, https:\/\/archive.sana.sy\/es\/wp-content\/uploads\/2024\/10\/photo_2024-10-08_22-01-52-150x96.jpg 150w, https:\/\/archive.sana.sy\/es\/wp-content\/uploads\/2024\/10\/photo_2024-10-08_22-01-52-768x493.jpg 768w\" sizes=\"(max-width: 1280px) 100vw, 1280px\" \/><\/a>\n\t\t\t<\/div><\/figure><figure class='gallery-item'>\n\t\t\t<div class='gallery-icon landscape'>\n\t\t\t\t<a href='https:\/\/archive.sana.sy\/es\/wp-content\/uploads\/2024\/10\/photo_2024-02-21_10-56-01.jpg'><img loading=\"lazy\" decoding=\"async\" width=\"1280\" height=\"720\" src=\"https:\/\/archive.sana.sy\/es\/wp-content\/uploads\/2024\/10\/photo_2024-02-21_10-56-01.jpg\" class=\"attachment-full size-full\" alt=\"\" srcset=\"https:\/\/archive.sana.sy\/es\/wp-content\/uploads\/2024\/10\/photo_2024-02-21_10-56-01.jpg 1280w, https:\/\/archive.sana.sy\/es\/wp-content\/uploads\/2024\/10\/photo_2024-02-21_10-56-01-300x169.jpg 300w, https:\/\/archive.sana.sy\/es\/wp-content\/uploads\/2024\/10\/photo_2024-02-21_10-56-01-1024x576.jpg 1024w, https:\/\/archive.sana.sy\/es\/wp-content\/uploads\/2024\/10\/photo_2024-02-21_10-56-01-150x84.jpg 150w, https:\/\/archive.sana.sy\/es\/wp-content\/uploads\/2024\/10\/photo_2024-02-21_10-56-01-768x432.jpg 768w\" sizes=\"(max-width: 1280px) 100vw, 1280px\" \/><\/a>\n\t\t\t<\/div><\/figure><figure class='gallery-item'>\n\t\t\t<div class='gallery-icon landscape'>\n\t\t\t\t<a href='https:\/\/archive.sana.sy\/es\/wp-content\/uploads\/2024\/10\/photo_2024-02-21_10-47-35.jpg'><img loading=\"lazy\" decoding=\"async\" width=\"600\" height=\"285\" src=\"https:\/\/archive.sana.sy\/es\/wp-content\/uploads\/2024\/10\/photo_2024-02-21_10-47-35.jpg\" class=\"attachment-full size-full\" alt=\"\" srcset=\"https:\/\/archive.sana.sy\/es\/wp-content\/uploads\/2024\/10\/photo_2024-02-21_10-47-35.jpg 600w, https:\/\/archive.sana.sy\/es\/wp-content\/uploads\/2024\/10\/photo_2024-02-21_10-47-35-300x143.jpg 300w, https:\/\/archive.sana.sy\/es\/wp-content\/uploads\/2024\/10\/photo_2024-02-21_10-47-35-150x71.jpg 150w\" sizes=\"(max-width: 600px) 100vw, 600px\" \/><\/a>\n\t\t\t<\/div><\/figure><figure class='gallery-item'>\n\t\t\t<div class='gallery-icon landscape'>\n\t\t\t\t<a href='https:\/\/archive.sana.sy\/es\/wp-content\/uploads\/2024\/10\/photo_2024-04-02_05-53-36.jpg'><img loading=\"lazy\" decoding=\"async\" width=\"1280\" height=\"822\" src=\"https:\/\/archive.sana.sy\/es\/wp-content\/uploads\/2024\/10\/photo_2024-04-02_05-53-36.jpg\" class=\"attachment-full size-full\" alt=\"\" srcset=\"https:\/\/archive.sana.sy\/es\/wp-content\/uploads\/2024\/10\/photo_2024-04-02_05-53-36.jpg 1280w, https:\/\/archive.sana.sy\/es\/wp-content\/uploads\/2024\/10\/photo_2024-04-02_05-53-36-300x193.jpg 300w, https:\/\/archive.sana.sy\/es\/wp-content\/uploads\/2024\/10\/photo_2024-04-02_05-53-36-1024x658.jpg 1024w, https:\/\/archive.sana.sy\/es\/wp-content\/uploads\/2024\/10\/photo_2024-04-02_05-53-36-150x96.jpg 150w, https:\/\/archive.sana.sy\/es\/wp-content\/uploads\/2024\/10\/photo_2024-04-02_05-53-36-768x493.jpg 768w\" sizes=\"(max-width: 1280px) 100vw, 1280px\" \/><\/a>\n\t\t\t<\/div><\/figure>\n\t\t<\/div>\n\n","protected":false},"excerpt":{"rendered":"<p>Damasco, 27 oct (SANA)\u00a0 El ministro de Asuntos Exteriores y Expatriados de Siria, Bassam Sabbagh, envi\u00f3 el pasado d\u00eda 22 de este mes, un mensaje al Secretario General de las Naciones Unidas, en la que enumer\u00f3 los ataques israel\u00edes en territorio sirio, y asegur\u00f3 que sumaban 116 ataques desde el 7 de octubre de 2023. &hellip;<\/p>\n","protected":false},"author":34,"featured_media":341388,"comment_status":"closed","ping_status":"closed","sticky":false,"template":"","format":"standard","meta":{"footnotes":""},"categories":[447,477,597,573,20724,476,583],"tags":[],"class_list":["post-341386","post","type-post","status-publish","format-standard","has-post-thumbnail","","category-local-politica","category-noticias-edulcorantes","category-cinta-de-noticias","category-la-realidad-de-los-acontecimientos-en-siria","category-minuto-a-minuto","category-locales","category-slide"],"_links":{"self":[{"href":"https:\/\/archive.sana.sy\/es\/index.php?rest_route=\/wp\/v2\/posts\/341386"}],"collection":[{"href":"https:\/\/archive.sana.sy\/es\/index.php?rest_route=\/wp\/v2\/posts"}],"about":[{"href":"https:\/\/archive.sana.sy\/es\/index.php?rest_route=\/wp\/v2\/types\/post"}],"author":[{"embeddable":true,"href":"https:\/\/archive.sana.sy\/es\/index.php?rest_route=\/wp\/v2\/users\/34"}],"replies":[{"embeddable":true,"href":"https:\/\/archive.sana.sy\/es\/index.php?rest_route=%2Fwp%2Fv2%2Fcomments&post=341386"}],"version-history":[{"count":1,"href":"https:\/\/archive.sana.sy\/es\/index.php?rest_route=\/wp\/v2\/posts\/341386\/revisions"}],"predecessor-version":[{"id":341392,"href":"https:\/\/archive.sana.sy\/es\/index.php?rest_route=\/wp\/v2\/posts\/341386\/revisions\/341392"}],"wp:featuredmedia":[{"embeddable":true,"href":"https:\/\/archive.sana.sy\/es\/index.php?rest_route=\/wp\/v2\/media\/341388"}],"wp:attachment":[{"href":"https:\/\/archive.sana.sy\/es\/index.php?rest_route=%2Fwp%2Fv2%2Fmedia&parent=341386"}],"wp:term":[{"taxonomy":"category","embeddable":true,"href":"https:\/\/archive.sana.sy\/es\/index.php?rest_route=%2Fwp%2Fv2%2Fcategories&post=341386"},{"taxonomy":"post_tag","embeddable":true,"href":"https:\/\/archive.sana.sy\/es\/index.php?rest_route=%2Fwp%2Fv2%2Ftags&post=341386"}],"curies":[{"name":"wp","href":"https:\/\/api.w.org\/{rel}","templated":true}]}}