{"id":341398,"date":"2024-10-28T05:25:59","date_gmt":"2024-10-28T02:25:59","guid":{"rendered":"https:\/\/sana.sy\/es\/?p=341398"},"modified":"2024-10-28T05:25:59","modified_gmt":"2024-10-28T02:25:59","slug":"suman-182-los-periodistas-palestinos-asesinados-por-israel-en-gaza","status":"publish","type":"post","link":"https:\/\/archive.sana.sy\/es\/?p=341398","title":{"rendered":"Suman 182 los periodistas palestinos asesinados por \u201cIsrael\u201d en Gaza"},"content":{"rendered":"<p style=\"text-align: justify;\"><span style=\"color: #800000;\"><strong>Jerusal\u00e9n ocupada, 28 oct (SANA) \u00a0\u00a0<\/strong><\/span>La Oficina de Prensa en la Franja de Gaza confirm\u00f3 hoy que el n\u00famero de comunicadores palestinos que perdieron la vida desde el inicio de la guerra genocida israel\u00ed contra el enclave costero en octubre del 2023, aument\u00f3 a 182.<\/p>\n<p style=\"text-align: justify;\"><img loading=\"lazy\" decoding=\"async\" class=\"wp-image-341400 alignleft\" src=\"http:\/\/sana.sy\/es\/wp-content\/uploads\/2024\/10\/WafaImage-2023-11-08T193756.375.jpg-c827747c-1ada-4e1f-a21c-1c2f9ae8634b.jpg\" alt=\"\" width=\"321\" height=\"214\" srcset=\"https:\/\/archive.sana.sy\/es\/wp-content\/uploads\/2024\/10\/WafaImage-2023-11-08T193756.375.jpg-c827747c-1ada-4e1f-a21c-1c2f9ae8634b.jpg 1600w, https:\/\/archive.sana.sy\/es\/wp-content\/uploads\/2024\/10\/WafaImage-2023-11-08T193756.375.jpg-c827747c-1ada-4e1f-a21c-1c2f9ae8634b-300x200.jpg 300w, https:\/\/archive.sana.sy\/es\/wp-content\/uploads\/2024\/10\/WafaImage-2023-11-08T193756.375.jpg-c827747c-1ada-4e1f-a21c-1c2f9ae8634b-1024x683.jpg 1024w, https:\/\/archive.sana.sy\/es\/wp-content\/uploads\/2024\/10\/WafaImage-2023-11-08T193756.375.jpg-c827747c-1ada-4e1f-a21c-1c2f9ae8634b-150x100.jpg 150w, https:\/\/archive.sana.sy\/es\/wp-content\/uploads\/2024\/10\/WafaImage-2023-11-08T193756.375.jpg-c827747c-1ada-4e1f-a21c-1c2f9ae8634b-768x512.jpg 768w, https:\/\/archive.sana.sy\/es\/wp-content\/uploads\/2024\/10\/WafaImage-2023-11-08T193756.375.jpg-c827747c-1ada-4e1f-a21c-1c2f9ae8634b-1536x1024.jpg 1536w\" sizes=\"(max-width: 321px) 100vw, 321px\" \/>Por medio de un comunicado, denunci\u00f3 que el brutal bombardeo israel\u00ed perpetrado recientemente \u00a0contra la escuela \u201cAsma\u201d, que alberga a personas desplazadas al oeste de la ciudad de Gaza, mat\u00f3 a la periodista y presentadora de televisi\u00f3n Nadia Imad Al-Sayyed y el comunicador Aber Al-Rahman Al-Tanani, quien reportaba para varios medios de comunicaci\u00f3n palestinos.<\/p>\n<p style=\"text-align: justify;\">La Oficina \u00a0conden\u00f3 en los t\u00e9rminos m\u00e1s en\u00e9rgicos los ataques y asesinatos de los periodistas palestinos por parte del ocupante israel\u00ed, y responsabiliz\u00f3 a Tel Aviv por la comisi\u00f3n de estos cr\u00edmenes atroces.<\/p>\n<p style=\"text-align: justify;\">Inst\u00f3 a la comunidad internacional y a sus organismos a parar estas masacres y presentar sus autores ante los tribunales internacionales por sus continuos cr\u00edmenes.<\/p>\n<p style=\"text-align: justify;\">Desde el 7 de octubre de 2023, los bombardeos israel\u00edes causaron la muerte de 42 mil 924 palestinos, mientras otros 100 mil 833 resultaron heridos, en su mayor\u00eda son ni\u00f1os y mujeres.<\/p>\n<p style=\"text-align: justify;\">fm<\/p>\n","protected":false},"excerpt":{"rendered":"<p>Jerusal\u00e9n ocupada, 28 oct (SANA) \u00a0\u00a0La Oficina de Prensa en la Franja de Gaza confirm\u00f3 hoy que el n\u00famero de comunicadores palestinos que perdieron la vida desde el inicio de la guerra genocida israel\u00ed contra el enclave costero en octubre del 2023, aument\u00f3 a 182. Por medio de un comunicado, denunci\u00f3 que el brutal bombardeo &hellip;<\/p>\n","protected":false},"author":34,"featured_media":341399,"comment_status":"closed","ping_status":"closed","sticky":false,"template":"","format":"standard","meta":{"footnotes":""},"categories":[597,456,20724,7541],"tags":[],"class_list":["post-341398","post","type-post","status-publish","format-standard","has-post-thumbnail","","category-cinta-de-noticias","category-arabe-internacional-politica","category-minuto-a-minuto","category-ultimas-noticias"],"_links":{"self":[{"href":"https:\/\/archive.sana.sy\/es\/index.php?rest_route=\/wp\/v2\/posts\/341398"}],"collection":[{"href":"https:\/\/archive.sana.sy\/es\/index.php?rest_route=\/wp\/v2\/posts"}],"about":[{"href":"https:\/\/archive.sana.sy\/es\/index.php?rest_route=\/wp\/v2\/types\/post"}],"author":[{"embeddable":true,"href":"https:\/\/archive.sana.sy\/es\/index.php?rest_route=\/wp\/v2\/users\/34"}],"replies":[{"embeddable":true,"href":"https:\/\/archive.sana.sy\/es\/index.php?rest_route=%2Fwp%2Fv2%2Fcomments&post=341398"}],"version-history":[{"count":1,"href":"https:\/\/archive.sana.sy\/es\/index.php?rest_route=\/wp\/v2\/posts\/341398\/revisions"}],"predecessor-version":[{"id":341401,"href":"https:\/\/archive.sana.sy\/es\/index.php?rest_route=\/wp\/v2\/posts\/341398\/revisions\/341401"}],"wp:featuredmedia":[{"embeddable":true,"href":"https:\/\/archive.sana.sy\/es\/index.php?rest_route=\/wp\/v2\/media\/341399"}],"wp:attachment":[{"href":"https:\/\/archive.sana.sy\/es\/index.php?rest_route=%2Fwp%2Fv2%2Fmedia&parent=341398"}],"wp:term":[{"taxonomy":"category","embeddable":true,"href":"https:\/\/archive.sana.sy\/es\/index.php?rest_route=%2Fwp%2Fv2%2Fcategories&post=341398"},{"taxonomy":"post_tag","embeddable":true,"href":"https:\/\/archive.sana.sy\/es\/index.php?rest_route=%2Fwp%2Fv2%2Ftags&post=341398"}],"curies":[{"name":"wp","href":"https:\/\/api.w.org\/{rel}","templated":true}]}}