{"id":341402,"date":"2024-10-28T05:49:58","date_gmt":"2024-10-28T02:49:58","guid":{"rendered":"https:\/\/sana.sy\/es\/?p=341402"},"modified":"2024-10-28T05:49:58","modified_gmt":"2024-10-28T02:49:58","slug":"bombardeos-israelies-contra-libano-matan-a-decenas-de-civiles-y-tres-paramedicos","status":"publish","type":"post","link":"https:\/\/archive.sana.sy\/es\/?p=341402","title":{"rendered":"Bombardeos israel\u00edes contra L\u00edbano matan a decenas de civiles y tres param\u00e9dicos"},"content":{"rendered":"<p><span style=\"color: #800000;\"><strong>Beirut, 28 oct (SANA)\u00a0<\/strong> <\/span>El Centro de Operaciones de Emergencia del Ministerio de Salud P\u00fablica del L\u00edbano denunci\u00f3 hoy que la guerra genocida de Israel contra el L\u00edbano caus\u00f3 la muerte de 168 param\u00e9dicos mientras otros 275 fueron lesionados.<\/p>\n<p>Por medio de un comunicado, el referido Centro inform\u00f3 que una incursi\u00f3n israel\u00ed perpetrada la v\u00edspera en la localidad de Ain Baal provocaron la muerte de siete personas, incluidos tres param\u00e9dicos que trabajan en el Centro de Emergencia de Salud de la Sociedad \u201cAl-Resala\u201d, perteneciente a la Defensa Civil del L\u00edbano.<\/p>\n<p>Agreg\u00f3 que una enfermera y tres personas m\u00e1s que se encontraban en las inmediaciones del lugar, murieron, y otras 24 personas resultaron heridas.<\/p>\n<p><img loading=\"lazy\" decoding=\"async\" class=\"wp-image-341404 alignleft\" src=\"http:\/\/sana.sy\/es\/wp-content\/uploads\/2024\/10\/3eb96cb26a5bc164dc3f6f292174cfef46b57c06.jpg\" alt=\"\" width=\"411\" height=\"231\" srcset=\"https:\/\/archive.sana.sy\/es\/wp-content\/uploads\/2024\/10\/3eb96cb26a5bc164dc3f6f292174cfef46b57c06.jpg 980w, https:\/\/archive.sana.sy\/es\/wp-content\/uploads\/2024\/10\/3eb96cb26a5bc164dc3f6f292174cfef46b57c06-300x169.jpg 300w, https:\/\/archive.sana.sy\/es\/wp-content\/uploads\/2024\/10\/3eb96cb26a5bc164dc3f6f292174cfef46b57c06-150x84.jpg 150w, https:\/\/archive.sana.sy\/es\/wp-content\/uploads\/2024\/10\/3eb96cb26a5bc164dc3f6f292174cfef46b57c06-768x432.jpg 768w\" sizes=\"(max-width: 411px) 100vw, 411px\" \/>Estos actos constituyen un crimen de guerra y la comunidad internacional debe asumir sus responsabilidades y poner fin a este genocidio, asegur\u00f3 la entidad.<\/p>\n<p>Por otro lado, un bombardeo israel\u00ed en la ciudad de Sid\u00f3n provoc\u00f3 la muerte de nueve personas y heridas a otras 38, de las que tres se encuentran en estado cr\u00edtico.<\/p>\n<p>De acuerdo con los m\u00e1s recientes datos ofrecidos hoy por el Ministerio de Salud P\u00fablica, los violentos bombardeos israel\u00edes contra las regiones Sur, Nabatieh y Baalbek-Hermel en el L\u00edbano causaron la muerte de 19 civiles y lesiones a otros 108.<\/p>\n<p>El saldo total de m\u00e1rtires desde el inicio de la agresi\u00f3n ascendi\u00f3 a dos mil 672 y el de los heridos leg\u00f3 los 12 mil 468, aclar\u00f3 la entidad de salud.<\/p>\n<p>fm<\/p>\n","protected":false},"excerpt":{"rendered":"<p>Beirut, 28 oct (SANA)\u00a0 El Centro de Operaciones de Emergencia del Ministerio de Salud P\u00fablica del L\u00edbano denunci\u00f3 hoy que la guerra genocida de Israel contra el L\u00edbano caus\u00f3 la muerte de 168 param\u00e9dicos mientras otros 275 fueron lesionados. Por medio de un comunicado, el referido Centro inform\u00f3 que una incursi\u00f3n israel\u00ed perpetrada la v\u00edspera &hellip;<\/p>\n","protected":false},"author":34,"featured_media":341403,"comment_status":"closed","ping_status":"closed","sticky":false,"template":"","format":"standard","meta":{"footnotes":""},"categories":[597,456,20724,7541],"tags":[],"class_list":["post-341402","post","type-post","status-publish","format-standard","has-post-thumbnail","","category-cinta-de-noticias","category-arabe-internacional-politica","category-minuto-a-minuto","category-ultimas-noticias"],"_links":{"self":[{"href":"https:\/\/archive.sana.sy\/es\/index.php?rest_route=\/wp\/v2\/posts\/341402"}],"collection":[{"href":"https:\/\/archive.sana.sy\/es\/index.php?rest_route=\/wp\/v2\/posts"}],"about":[{"href":"https:\/\/archive.sana.sy\/es\/index.php?rest_route=\/wp\/v2\/types\/post"}],"author":[{"embeddable":true,"href":"https:\/\/archive.sana.sy\/es\/index.php?rest_route=\/wp\/v2\/users\/34"}],"replies":[{"embeddable":true,"href":"https:\/\/archive.sana.sy\/es\/index.php?rest_route=%2Fwp%2Fv2%2Fcomments&post=341402"}],"version-history":[{"count":1,"href":"https:\/\/archive.sana.sy\/es\/index.php?rest_route=\/wp\/v2\/posts\/341402\/revisions"}],"predecessor-version":[{"id":341405,"href":"https:\/\/archive.sana.sy\/es\/index.php?rest_route=\/wp\/v2\/posts\/341402\/revisions\/341405"}],"wp:featuredmedia":[{"embeddable":true,"href":"https:\/\/archive.sana.sy\/es\/index.php?rest_route=\/wp\/v2\/media\/341403"}],"wp:attachment":[{"href":"https:\/\/archive.sana.sy\/es\/index.php?rest_route=%2Fwp%2Fv2%2Fmedia&parent=341402"}],"wp:term":[{"taxonomy":"category","embeddable":true,"href":"https:\/\/archive.sana.sy\/es\/index.php?rest_route=%2Fwp%2Fv2%2Fcategories&post=341402"},{"taxonomy":"post_tag","embeddable":true,"href":"https:\/\/archive.sana.sy\/es\/index.php?rest_route=%2Fwp%2Fv2%2Ftags&post=341402"}],"curies":[{"name":"wp","href":"https:\/\/api.w.org\/{rel}","templated":true}]}}