{"id":341411,"date":"2024-10-28T11:54:52","date_gmt":"2024-10-28T08:54:52","guid":{"rendered":"https:\/\/sana.sy\/es\/?p=341411"},"modified":"2024-10-28T11:54:52","modified_gmt":"2024-10-28T08:54:52","slug":"ejercito-ruso-derriba-21-drones-ucranianos-en-provincias-rusas","status":"publish","type":"post","link":"https:\/\/archive.sana.sy\/es\/?p=341411","title":{"rendered":"Ej\u00e9rcito ruso derriba 21 drones ucranianos en provincias rusas"},"content":{"rendered":"<p style=\"text-align: justify;\"><span style=\"color: #800000;\"><strong>Mosc\u00fa, 28 oct (SANA) <\/strong><\/span>El Ministerio de Defensa ruso anunci\u00f3 hoy que la Fuerza A\u00e9rea Rusa destruy\u00f3 21 veh\u00edculos a\u00e9reos no tripulados ucranianos sobre varias provincias rusas.<\/p>\n<p style=\"text-align: justify;\">El ente castrense explic\u00f3 en un comunicado, que los sistemas de defensa a\u00e9rea respondieron al ataque ucraniano contra objetivos en el territorio de Rusia y destruyeron 13 drones sobre B\u00e9lgorod, 6 en Briansk, uno en Voronezh y otro sobre la provincia de Kursk.<\/p>\n<p style=\"text-align: justify;\">Las fuerzas ucranianas atacan repetidamente con drones y misiles las zonas fronterizas del suroeste de Rusia, dejando v\u00edctimas entre los civiles.<\/p>\n<p style=\"text-align: justify;\">as\/fm<\/p>\n","protected":false},"excerpt":{"rendered":"<p>Mosc\u00fa, 28 oct (SANA) El Ministerio de Defensa ruso anunci\u00f3 hoy que la Fuerza A\u00e9rea Rusa destruy\u00f3 21 veh\u00edculos a\u00e9reos no tripulados ucranianos sobre varias provincias rusas. El ente castrense explic\u00f3 en un comunicado, que los sistemas de defensa a\u00e9rea respondieron al ataque ucraniano contra objetivos en el territorio de Rusia y destruyeron 13 drones &hellip;<\/p>\n","protected":false},"author":42,"featured_media":341412,"comment_status":"closed","ping_status":"closed","sticky":false,"template":"","format":"standard","meta":{"footnotes":""},"categories":[597,456,16687,20724,7541],"tags":[],"class_list":["post-341411","post","type-post","status-publish","format-standard","has-post-thumbnail","","category-cinta-de-noticias","category-arabe-internacional-politica","category-internacionales","category-minuto-a-minuto","category-ultimas-noticias"],"_links":{"self":[{"href":"https:\/\/archive.sana.sy\/es\/index.php?rest_route=\/wp\/v2\/posts\/341411"}],"collection":[{"href":"https:\/\/archive.sana.sy\/es\/index.php?rest_route=\/wp\/v2\/posts"}],"about":[{"href":"https:\/\/archive.sana.sy\/es\/index.php?rest_route=\/wp\/v2\/types\/post"}],"author":[{"embeddable":true,"href":"https:\/\/archive.sana.sy\/es\/index.php?rest_route=\/wp\/v2\/users\/42"}],"replies":[{"embeddable":true,"href":"https:\/\/archive.sana.sy\/es\/index.php?rest_route=%2Fwp%2Fv2%2Fcomments&post=341411"}],"version-history":[{"count":1,"href":"https:\/\/archive.sana.sy\/es\/index.php?rest_route=\/wp\/v2\/posts\/341411\/revisions"}],"predecessor-version":[{"id":341413,"href":"https:\/\/archive.sana.sy\/es\/index.php?rest_route=\/wp\/v2\/posts\/341411\/revisions\/341413"}],"wp:featuredmedia":[{"embeddable":true,"href":"https:\/\/archive.sana.sy\/es\/index.php?rest_route=\/wp\/v2\/media\/341412"}],"wp:attachment":[{"href":"https:\/\/archive.sana.sy\/es\/index.php?rest_route=%2Fwp%2Fv2%2Fmedia&parent=341411"}],"wp:term":[{"taxonomy":"category","embeddable":true,"href":"https:\/\/archive.sana.sy\/es\/index.php?rest_route=%2Fwp%2Fv2%2Fcategories&post=341411"},{"taxonomy":"post_tag","embeddable":true,"href":"https:\/\/archive.sana.sy\/es\/index.php?rest_route=%2Fwp%2Fv2%2Ftags&post=341411"}],"curies":[{"name":"wp","href":"https:\/\/api.w.org\/{rel}","templated":true}]}}