{"id":341476,"date":"2024-10-29T06:18:11","date_gmt":"2024-10-29T03:18:11","guid":{"rendered":"https:\/\/sana.sy\/es\/?p=341476"},"modified":"2024-10-29T06:18:11","modified_gmt":"2024-10-29T03:18:11","slug":"frente-nacional-progresista-debate-situacion-politica-y-economica","status":"publish","type":"post","link":"https:\/\/archive.sana.sy\/es\/?p=341476","title":{"rendered":"Frente Nacional Progresista debate situaci\u00f3n pol\u00edtica y econ\u00f3mica"},"content":{"rendered":"<p style=\"text-align: justify;\"><span style=\"color: #800000;\"><strong>Damasco, 29 oct (SANA)<\/strong> <\/span>La Direcci\u00f3n Central del Frente Nacional Progresista, encabezada por el vicepresidente del Frente, Muhammad Ibrahim Al-Shaar, sostuvo una reuni\u00f3n en la que abord\u00f3 la actual situaci\u00f3n econ\u00f3mica del pa\u00eds, y la pol\u00edtica, especialmente la agresi\u00f3n sionista, apoyada por Occidente y Estados Unidos.<\/p>\n<p style=\"text-align: justify;\">Al-Shaar destac\u00f3 el papel fundamental de los partidos del Frente, encabezados por el Partido Baath \u00c1rabe Socialista, y llam\u00f3 a la necesidad de confrontar el enemigo fortaleciendo la inmunidad de la generaci\u00f3n joven ante los planes hostiles.<\/p>\n<p style=\"text-align: justify;\">Inst\u00f3 a intensificar las actividades de todas las partes mediante la celebraci\u00f3n de seminarios p\u00fablicos y usar los diversos medios de comunicaci\u00f3n y redes sociales, y apoyarse en cuadros calificados en universidades y centros de investigaci\u00f3n, para enfrentar esta guerra psicol\u00f3gica.<\/p>\n<p style=\"text-align: justify;\"><img loading=\"lazy\" decoding=\"async\" class=\"wp-image-341477 alignleft\" src=\"http:\/\/sana.sy\/es\/wp-content\/uploads\/2024\/10\/\u0627\u062c\u062a\u0645\u0627\u0639-\u0627\u0644\u0642\u064a\u0627\u062f\u0629-\u0627\u0644\u0645\u0631\u0643\u0632\u064a\u0629-\u0644\u0644\u062c\u0628\u0647\u0629-\u0627\u0644\u0648\u0637\u0646\u064a\u0629-\u0627\u0644\u062a\u0642\u062f\u0645\u064a\u0629-jpg-1.jpg\" alt=\"\" width=\"384\" height=\"256\" srcset=\"https:\/\/archive.sana.sy\/es\/wp-content\/uploads\/2024\/10\/\u0627\u062c\u062a\u0645\u0627\u0639-\u0627\u0644\u0642\u064a\u0627\u062f\u0629-\u0627\u0644\u0645\u0631\u0643\u0632\u064a\u0629-\u0644\u0644\u062c\u0628\u0647\u0629-\u0627\u0644\u0648\u0637\u0646\u064a\u0629-\u0627\u0644\u062a\u0642\u062f\u0645\u064a\u0629-jpg-1.jpg 660w, https:\/\/archive.sana.sy\/es\/wp-content\/uploads\/2024\/10\/\u0627\u062c\u062a\u0645\u0627\u0639-\u0627\u0644\u0642\u064a\u0627\u062f\u0629-\u0627\u0644\u0645\u0631\u0643\u0632\u064a\u0629-\u0644\u0644\u062c\u0628\u0647\u0629-\u0627\u0644\u0648\u0637\u0646\u064a\u0629-\u0627\u0644\u062a\u0642\u062f\u0645\u064a\u0629-jpg-1-300x200.jpg 300w, https:\/\/archive.sana.sy\/es\/wp-content\/uploads\/2024\/10\/\u0627\u062c\u062a\u0645\u0627\u0639-\u0627\u0644\u0642\u064a\u0627\u062f\u0629-\u0627\u0644\u0645\u0631\u0643\u0632\u064a\u0629-\u0644\u0644\u062c\u0628\u0647\u0629-\u0627\u0644\u0648\u0637\u0646\u064a\u0629-\u0627\u0644\u062a\u0642\u062f\u0645\u064a\u0629-jpg-1-150x100.jpg 150w\" sizes=\"(max-width: 384px) 100vw, 384px\" \/>El vicepresidente del Frente hizo \u00e9nfasis en las directivas del presidente Bashar Al-Assad, al nuevo gobierno de ser transparente y realista.<\/p>\n<p style=\"text-align: justify;\">\u201cAqu\u00ed nuestro papel como partidos es presentar nuestras visiones econ\u00f3micas realistas para ayudar al gobierno en materia de desarrollo y mejorar las condiciones de vida\u201d, precis\u00f3.<\/p>\n<p style=\"text-align: justify;\">Ibrahim Al-Hadid, el secretario general adjunto del Partido Baath, habl\u00f3 sobre el papel de los partidos del Frente en la reconstrucci\u00f3n de las mentes y de lo destruido por la guerra, y destac\u00f3 la necesidad de desarrollar planes que se adapten a la realidad.<\/p>\n<p style=\"text-align: justify;\">Por su parte, Hamouda Al-Sabbagh, el presidente de la Asamblea del Pueblo, se refiri\u00f3 a lo que hizo la Asamblea en su actual periodo legislativo de elegir a la Oficina del Consejo y formar las 17 comisiones.<\/p>\n<p style=\"text-align: justify;\">El primer ministro Muhammad Ghazi Al-Jalali, ofreci\u00f3 una explicaci\u00f3n sobre \u00a0la situaci\u00f3n econ\u00f3mica, y los efectos del bloqueo y el consiguiente aumento del costo de las importaciones.<\/p>\n<p style=\"text-align: justify;\">Tambi\u00e9n abord\u00f3 el tema de la energ\u00eda el\u00e9ctrica y el combustible, y el empe\u00f1o por asegurar el suministro de combustible para el transporte, la agricultura y la industria, seg\u00fan las prioridades.<\/p>\n<p style=\"text-align: justify;\">Los miembros de la direcci\u00f3n central del Partido Baath, el jefe de la Uni\u00f3n General de Campesinos y el presidente de la Federaci\u00f3n General de Sindicatos, hablaron sobre varias cuestiones relacionadas con la situaci\u00f3n econ\u00f3mica y de vida, los altos precios que sufre el ciudadano y la necesidad de apoyar al sector agr\u00edcola y la producci\u00f3n industrial.<\/p>\n<p style=\"text-align: justify;\">Presentaron sugerencias pr\u00e1cticas que ayudan al gobierno a desarrollar sus programas pr\u00e1cticos.<\/p>\n<p style=\"text-align: justify;\">fm<\/p>\n","protected":false},"excerpt":{"rendered":"<p>Damasco, 29 oct (SANA) La Direcci\u00f3n Central del Frente Nacional Progresista, encabezada por el vicepresidente del Frente, Muhammad Ibrahim Al-Shaar, sostuvo una reuni\u00f3n en la que abord\u00f3 la actual situaci\u00f3n econ\u00f3mica del pa\u00eds, y la pol\u00edtica, especialmente la agresi\u00f3n sionista, apoyada por Occidente y Estados Unidos. Al-Shaar destac\u00f3 el papel fundamental de los partidos del &hellip;<\/p>\n","protected":false},"author":34,"featured_media":341478,"comment_status":"closed","ping_status":"closed","sticky":false,"template":"","format":"standard","meta":{"footnotes":""},"categories":[477,447,597,476,583],"tags":[],"class_list":["post-341476","post","type-post","status-publish","format-standard","has-post-thumbnail","","category-noticias-edulcorantes","category-local-politica","category-cinta-de-noticias","category-locales","category-slide"],"_links":{"self":[{"href":"https:\/\/archive.sana.sy\/es\/index.php?rest_route=\/wp\/v2\/posts\/341476"}],"collection":[{"href":"https:\/\/archive.sana.sy\/es\/index.php?rest_route=\/wp\/v2\/posts"}],"about":[{"href":"https:\/\/archive.sana.sy\/es\/index.php?rest_route=\/wp\/v2\/types\/post"}],"author":[{"embeddable":true,"href":"https:\/\/archive.sana.sy\/es\/index.php?rest_route=\/wp\/v2\/users\/34"}],"replies":[{"embeddable":true,"href":"https:\/\/archive.sana.sy\/es\/index.php?rest_route=%2Fwp%2Fv2%2Fcomments&post=341476"}],"version-history":[{"count":1,"href":"https:\/\/archive.sana.sy\/es\/index.php?rest_route=\/wp\/v2\/posts\/341476\/revisions"}],"predecessor-version":[{"id":341479,"href":"https:\/\/archive.sana.sy\/es\/index.php?rest_route=\/wp\/v2\/posts\/341476\/revisions\/341479"}],"wp:featuredmedia":[{"embeddable":true,"href":"https:\/\/archive.sana.sy\/es\/index.php?rest_route=\/wp\/v2\/media\/341478"}],"wp:attachment":[{"href":"https:\/\/archive.sana.sy\/es\/index.php?rest_route=%2Fwp%2Fv2%2Fmedia&parent=341476"}],"wp:term":[{"taxonomy":"category","embeddable":true,"href":"https:\/\/archive.sana.sy\/es\/index.php?rest_route=%2Fwp%2Fv2%2Fcategories&post=341476"},{"taxonomy":"post_tag","embeddable":true,"href":"https:\/\/archive.sana.sy\/es\/index.php?rest_route=%2Fwp%2Fv2%2Ftags&post=341476"}],"curies":[{"name":"wp","href":"https:\/\/api.w.org\/{rel}","templated":true}]}}