{"id":34149,"date":"2015-11-24T20:54:22","date_gmt":"2015-11-24T18:54:22","guid":{"rendered":"http:\/\/sana.sy\/es\/?p=34149"},"modified":"2015-11-24T20:54:22","modified_gmt":"2015-11-24T18:54:22","slug":"al-jaafari-siria-no-renunciara-su-derecho-en-recuperar-los-altos-del-golan","status":"publish","type":"post","link":"https:\/\/archive.sana.sy\/es\/?p=34149","title":{"rendered":"Al-Jaafari: Siria no renunciar\u00e1 su derecho en recuperar los Altos del Gol\u00e1n"},"content":{"rendered":"<p style=\"text-align: justify\"><span style=\"color: #800000\">Nueva York, SANA<\/span>&#8211; El Representante permanente de Siria ante la ONU, el Dr. Bashar al-Jaafari, dijo en su discurso ante la Asamblea General de las Naciones Unidos que Israel comete sus cr\u00edmenes a plena luz del d\u00eda y ante estos hechos hay que asumir las responsabilidades colectivas para poner fin a la ocupaci\u00f3n israel\u00ed de los territorios \u00e1rabes incluyendo el Gol\u00e1n sirio.<\/p>\n<p style=\"text-align: justify\">Dr. Al-Jaafari se\u00f1al\u00f3 que Israel est\u00e1 trabajando bajo el apoyo de sus patrocinadores y protectores para convertir la cuesti\u00f3n de la ocupaci\u00f3n israel\u00ed de los territorios \u00e1rabes en una cuesti\u00f3n de diferencia de opini\u00f3n, como si fuera un caso rutinario en el que se cambiar\u00edan solo los n\u00fameros de los muertos, los heridos, los asentamientos, los refugiados y los prisioneros.<\/p>\n<p style=\"text-align: justify\">En el mismo contexto, al-Jaafari dijo que si queremos impedir que Israel siga con sus actos criminales, debemos trabajar y no hablar, ya que el pueblo palestino y la poblaci\u00f3n siria que se encuentran bajo la ocupaci\u00f3n israel\u00ed en el Gol\u00e1n no aguantan m\u00e1s los actos criminales llevados a cabo la ocupaci\u00f3n israel\u00ed.<\/p>\n<p style=\"text-align: justify\">\u201cEl sufrimiento de la gente del Gol\u00e1n sirio por los actos de represi\u00f3n, discriminaci\u00f3n racial y detenci\u00f3n arbitraria, todos estos hechos violentos no llegaron a los o\u00eddos de los caballeros de los derechos humanos y a los defensores del derecho internacional humanitario\u201d, dijo al-Jaafari.<\/p>\n<p style=\"text-align: justify\">El delegado sirio agreg\u00f3 que Israel trabaja en la explotaci\u00f3n de los recursos naturales del Gol\u00e1n sirio, incluyendo el agua y el petr\u00f3leo, donde la empresa \u201cEveque\u201d , empresa para la extracci\u00f3n de petr\u00f3leo y gas, realiz\u00f3 varias exploraciones en diferentes \u00e1reas del el Gol\u00e1n ocupado, lo que se considera una violaci\u00f3n del derecho internacional , en particular, la Convenci\u00f3n de La Haya para el a\u00f1o \/ 1907 \/ y el Convenio de Ginebra para el a\u00f1o \/ 1949 \/, que proh\u00edbe a la autoridad ocupante explotar, poner en peligro o causar la p\u00e9rdida de los recursos naturales del territorio ocupado.<\/p>\n<p style=\"text-align: justify\">Seg\u00fan el titular sirio, la entidad de ocupaci\u00f3n israel\u00ed detuvo de nuevo al luchador y activista \/ Sedky al-Maket \/ despu\u00e9s de ser arrestado anteriormente durante \/ 27 \/ a\u00f1os, que es la misma condena de Nelson Mandela en Sud\u00e1frica .Al- Jaafari concluy\u00f3, diciendo que se debe detener todas las medidas realizadas por Israel de forma inmediata, y que en Israel debe retirarse del Gol\u00e1n sirio inmediatamente.<\/p>\n<p>M.Miri<\/p>\n","protected":false},"excerpt":{"rendered":"<p>Nueva York, SANA&#8211; El Representante permanente de Siria ante la ONU, el Dr. Bashar al-Jaafari, dijo en su discurso ante la Asamblea General de las Naciones Unidos que Israel comete sus cr\u00edmenes a plena luz del d\u00eda y ante estos hechos hay que asumir las responsabilidades colectivas para poner fin a la ocupaci\u00f3n israel\u00ed de &hellip;<\/p>\n","protected":false},"author":1,"featured_media":34150,"comment_status":"closed","ping_status":"closed","sticky":false,"template":"","format":"standard","meta":{"footnotes":""},"categories":[456,457,576],"tags":[7461,7462],"class_list":["post-34149","post","type-post","status-publish","format-standard","has-post-thumbnail","","category-arabe-internacional-politica","category-noticias-arabe-internacional-politica","category-noticias-politicas","tag-al-jaafari-siria-no-renunciara-su-derecho-a-recuperar-los-altos-del-golan","tag-al-jaafari-siria-no-renunciara-su-derecho-en-recuperar-los-altos-del-golan"],"_links":{"self":[{"href":"https:\/\/archive.sana.sy\/es\/index.php?rest_route=\/wp\/v2\/posts\/34149"}],"collection":[{"href":"https:\/\/archive.sana.sy\/es\/index.php?rest_route=\/wp\/v2\/posts"}],"about":[{"href":"https:\/\/archive.sana.sy\/es\/index.php?rest_route=\/wp\/v2\/types\/post"}],"author":[{"embeddable":true,"href":"https:\/\/archive.sana.sy\/es\/index.php?rest_route=\/wp\/v2\/users\/1"}],"replies":[{"embeddable":true,"href":"https:\/\/archive.sana.sy\/es\/index.php?rest_route=%2Fwp%2Fv2%2Fcomments&post=34149"}],"version-history":[{"count":0,"href":"https:\/\/archive.sana.sy\/es\/index.php?rest_route=\/wp\/v2\/posts\/34149\/revisions"}],"wp:featuredmedia":[{"embeddable":true,"href":"https:\/\/archive.sana.sy\/es\/index.php?rest_route=\/wp\/v2\/media\/34150"}],"wp:attachment":[{"href":"https:\/\/archive.sana.sy\/es\/index.php?rest_route=%2Fwp%2Fv2%2Fmedia&parent=34149"}],"wp:term":[{"taxonomy":"category","embeddable":true,"href":"https:\/\/archive.sana.sy\/es\/index.php?rest_route=%2Fwp%2Fv2%2Fcategories&post=34149"},{"taxonomy":"post_tag","embeddable":true,"href":"https:\/\/archive.sana.sy\/es\/index.php?rest_route=%2Fwp%2Fv2%2Ftags&post=34149"}],"curies":[{"name":"wp","href":"https:\/\/api.w.org\/{rel}","templated":true}]}}