{"id":341505,"date":"2024-10-29T13:27:01","date_gmt":"2024-10-29T10:27:01","guid":{"rendered":"https:\/\/sana.sy\/es\/?p=341505"},"modified":"2024-10-29T14:46:11","modified_gmt":"2024-10-29T11:46:11","slug":"canciller-sirio-inicia-visita-a-belarus-y-se-reune-con-su-homologo-bielarruso","status":"publish","type":"post","link":"https:\/\/archive.sana.sy\/es\/?p=341505","title":{"rendered":"Canciller sirio inicia visita a Belar\u00fas y se re\u00fane con su hom\u00f3logo bielarruso"},"content":{"rendered":"<p><span style=\"color: #800000;\"><strong>Minsk, 29 oct (SANA )<\/strong><\/span> El ministro de Asuntos Exteriores y Expatriados de Siria, Bassam Sabbagh , sostuvo conversaciones con su hom\u00f3logo bielorruso, en Minsk.<\/p>\n<p>Nota en desarrollo&#8230;<\/p>\n<p>fm\/ed<\/p>\n","protected":false},"excerpt":{"rendered":"<p>Minsk, 29 oct (SANA ) El ministro de Asuntos Exteriores y Expatriados de Siria, Bassam Sabbagh , sostuvo conversaciones con su hom\u00f3logo bielorruso, en Minsk. Nota en desarrollo&#8230; fm\/ed<\/p>\n","protected":false},"author":32,"featured_media":341506,"comment_status":"closed","ping_status":"closed","sticky":false,"template":"","format":"standard","meta":{"footnotes":""},"categories":[597,467],"tags":[],"class_list":["post-341505","post","type-post","status-publish","format-standard","has-post-thumbnail","","category-cinta-de-noticias","category-siria-y-el-mundo"],"_links":{"self":[{"href":"https:\/\/archive.sana.sy\/es\/index.php?rest_route=\/wp\/v2\/posts\/341505"}],"collection":[{"href":"https:\/\/archive.sana.sy\/es\/index.php?rest_route=\/wp\/v2\/posts"}],"about":[{"href":"https:\/\/archive.sana.sy\/es\/index.php?rest_route=\/wp\/v2\/types\/post"}],"author":[{"embeddable":true,"href":"https:\/\/archive.sana.sy\/es\/index.php?rest_route=\/wp\/v2\/users\/32"}],"replies":[{"embeddable":true,"href":"https:\/\/archive.sana.sy\/es\/index.php?rest_route=%2Fwp%2Fv2%2Fcomments&post=341505"}],"version-history":[{"count":1,"href":"https:\/\/archive.sana.sy\/es\/index.php?rest_route=\/wp\/v2\/posts\/341505\/revisions"}],"predecessor-version":[{"id":341507,"href":"https:\/\/archive.sana.sy\/es\/index.php?rest_route=\/wp\/v2\/posts\/341505\/revisions\/341507"}],"wp:featuredmedia":[{"embeddable":true,"href":"https:\/\/archive.sana.sy\/es\/index.php?rest_route=\/wp\/v2\/media\/341506"}],"wp:attachment":[{"href":"https:\/\/archive.sana.sy\/es\/index.php?rest_route=%2Fwp%2Fv2%2Fmedia&parent=341505"}],"wp:term":[{"taxonomy":"category","embeddable":true,"href":"https:\/\/archive.sana.sy\/es\/index.php?rest_route=%2Fwp%2Fv2%2Fcategories&post=341505"},{"taxonomy":"post_tag","embeddable":true,"href":"https:\/\/archive.sana.sy\/es\/index.php?rest_route=%2Fwp%2Fv2%2Ftags&post=341505"}],"curies":[{"name":"wp","href":"https:\/\/api.w.org\/{rel}","templated":true}]}}