{"id":341511,"date":"2024-10-29T14:44:53","date_gmt":"2024-10-29T11:44:53","guid":{"rendered":"https:\/\/sana.sy\/es\/?p=341511"},"modified":"2024-10-29T14:44:53","modified_gmt":"2024-10-29T11:44:53","slug":"cancilleres-de-siria-y-belarus-intercambian-sobre-cuestiones-politicas-y-cooperacion-bilateral","status":"publish","type":"post","link":"https:\/\/archive.sana.sy\/es\/?p=341511","title":{"rendered":"Cancilleres de Siria y Belar\u00fas intercambian sobre cuestiones pol\u00edticas y cooperaci\u00f3n bilateral"},"content":{"rendered":"<p style=\"text-align: justify;\"><span style=\"color: #800000;\"><strong>Minsk, 29 oct (SANA)<\/strong><\/span> El ministro sirio de Asuntos Exteriores y Expatriados, Bassam Sabbagh, sostuvo hoy conversaciones bilaterales con su hom\u00f3logo bielorruso, Maxim Rezhenkov, en las que abordaron diversos aspectos de las relaciones bilaterales y las formas de desarrollarlas.<\/p>\n<p style=\"text-align: justify;\">\nSabbagh: Las dos naciones enfrentan desaf\u00edos comunes e intentos de imponerles proyectos hegem\u00f3nicos occidentales<\/p>\n<p style=\"text-align: justify;\">Tras las conversaciones, los dos ministros de Asuntos Exteriores concedieron declaraciones a la prensa en las que el Canciller sirio explic\u00f3 que hab\u00eda mantenido un intercambio de opiniones fruct\u00edfero y constructivo, y que se examinaron diversos aspectos de cooperaci\u00f3n bilateral.<\/p>\n<p style=\"text-align: justify;\">Sabbagh agreg\u00f3 que abord\u00f3 tambi\u00e9n el fortalecimiento de la coordinaci\u00f3n en cuestiones pol\u00edticas, incluido el apoyo mutuo en foros internacionales.<\/p>\n<p style=\"text-align: justify;\">En este sentido, se firm\u00f3 un memorando de entendimiento sobre consultas pol\u00edticas entre las canciller\u00edas de ambos pa\u00edses, y se pas\u00f3 revista a la cooperaci\u00f3n en los campos econ\u00f3mico, cultural y humanitario.<\/p>\n<p style=\"text-align: justify;\">El jefe de la diplomacia siria consider\u00f3 necesario tratar el desarrollo de los acontecimientos pol\u00edticos en un marco estrat\u00e9gico, dado que las dos naciones enfrentan desaf\u00edos comunes e intentos de imponerles proyectos hegem\u00f3nicos occidentales.<\/p>\n<p style=\"text-align: justify;\">Asimismo, reiter\u00f3 el apoyo de Siria a la operaci\u00f3n militar especial rusa en Ucrania, y destac\u00f3 el papel de los pa\u00edses que buscan alcanzar la seguridad y la paz en Eurasia a trav\u00e9s de acciones multilaterales e iniciativas constructivas y justas.<\/p>\n<p style=\"text-align: justify;\">Nuestras opiniones coinciden sobre el rechazo a la injerencia en los asuntos internos de los dos pa\u00edses y denunciar las pr\u00e1cticas destructivas del Occidente colectivo contra ellos, incluidas las medidas coercitivas ilegales unilaterales, precis\u00f3 Sabbagh.<\/p>\n<p style=\"text-align: justify;\">fm\/as<\/p>\n","protected":false},"excerpt":{"rendered":"<p>Minsk, 29 oct (SANA) El ministro sirio de Asuntos Exteriores y Expatriados, Bassam Sabbagh, sostuvo hoy conversaciones bilaterales con su hom\u00f3logo bielorruso, Maxim Rezhenkov, en las que abordaron diversos aspectos de las relaciones bilaterales y las formas de desarrollarlas. Sabbagh: Las dos naciones enfrentan desaf\u00edos comunes e intentos de imponerles proyectos hegem\u00f3nicos occidentales Tras las &hellip;<\/p>\n","protected":false},"author":42,"featured_media":341512,"comment_status":"closed","ping_status":"closed","sticky":false,"template":"","format":"standard","meta":{"footnotes":""},"categories":[597,20724,467,583],"tags":[],"class_list":["post-341511","post","type-post","status-publish","format-standard","has-post-thumbnail","","category-cinta-de-noticias","category-minuto-a-minuto","category-siria-y-el-mundo","category-slide"],"_links":{"self":[{"href":"https:\/\/archive.sana.sy\/es\/index.php?rest_route=\/wp\/v2\/posts\/341511"}],"collection":[{"href":"https:\/\/archive.sana.sy\/es\/index.php?rest_route=\/wp\/v2\/posts"}],"about":[{"href":"https:\/\/archive.sana.sy\/es\/index.php?rest_route=\/wp\/v2\/types\/post"}],"author":[{"embeddable":true,"href":"https:\/\/archive.sana.sy\/es\/index.php?rest_route=\/wp\/v2\/users\/42"}],"replies":[{"embeddable":true,"href":"https:\/\/archive.sana.sy\/es\/index.php?rest_route=%2Fwp%2Fv2%2Fcomments&post=341511"}],"version-history":[{"count":1,"href":"https:\/\/archive.sana.sy\/es\/index.php?rest_route=\/wp\/v2\/posts\/341511\/revisions"}],"predecessor-version":[{"id":341513,"href":"https:\/\/archive.sana.sy\/es\/index.php?rest_route=\/wp\/v2\/posts\/341511\/revisions\/341513"}],"wp:featuredmedia":[{"embeddable":true,"href":"https:\/\/archive.sana.sy\/es\/index.php?rest_route=\/wp\/v2\/media\/341512"}],"wp:attachment":[{"href":"https:\/\/archive.sana.sy\/es\/index.php?rest_route=%2Fwp%2Fv2%2Fmedia&parent=341511"}],"wp:term":[{"taxonomy":"category","embeddable":true,"href":"https:\/\/archive.sana.sy\/es\/index.php?rest_route=%2Fwp%2Fv2%2Fcategories&post=341511"},{"taxonomy":"post_tag","embeddable":true,"href":"https:\/\/archive.sana.sy\/es\/index.php?rest_route=%2Fwp%2Fv2%2Ftags&post=341511"}],"curies":[{"name":"wp","href":"https:\/\/api.w.org\/{rel}","templated":true}]}}