{"id":34152,"date":"2015-11-24T20:59:34","date_gmt":"2015-11-24T18:59:34","guid":{"rendered":"http:\/\/sana.sy\/es\/?p=34152"},"modified":"2015-11-24T20:59:34","modified_gmt":"2015-11-24T18:59:34","slug":"estalla-un-autobus-de-la-guardia-presidencial-en-el-centro-de-tunez","status":"publish","type":"post","link":"https:\/\/archive.sana.sy\/es\/?p=34152","title":{"rendered":"Estalla un autob\u00fas de la guardia presidencial en el centro de T\u00fanez"},"content":{"rendered":"<p><span style=\"color: #800000\">T\u00fanez, SANA<\/span>&#8211; Un autob\u00fas de la guardia presidencial explot\u00f3 hoy en el centro de T\u00fanez causando numerosas v\u00edctimas. Seg\u00fan fuentes oficiales del ministerio del Interior tunecino, hay 12 fallecidos y 16 heridos.<\/p>\n<p>El incidente se produce el mismo a\u00f1o en el que ha habido dos atentados en T\u00fanez, el primero de ellos en el Museo Bardo, en la capital y en el que fallecieron 22 personas, y el segundo en la zona tur\u00edstica de Sousse, en el que perdieron la vida 39 personas.<br \/>\nM.Miri<\/p>\n","protected":false},"excerpt":{"rendered":"<p>T\u00fanez, SANA&#8211; Un autob\u00fas de la guardia presidencial explot\u00f3 hoy en el centro de T\u00fanez causando numerosas v\u00edctimas. Seg\u00fan fuentes oficiales del ministerio del Interior tunecino, hay 12 fallecidos y 16 heridos. El incidente se produce el mismo a\u00f1o en el que ha habido dos atentados en T\u00fanez, el primero de ellos en el Museo &hellip;<\/p>\n","protected":false},"author":1,"featured_media":19138,"comment_status":"closed","ping_status":"closed","sticky":false,"template":"","format":"standard","meta":{"footnotes":""},"categories":[456],"tags":[7463],"class_list":["post-34152","post","type-post","status-publish","format-standard","has-post-thumbnail","","category-arabe-internacional-politica","tag-estalla-un-autobus-de-la-guardia-presidencial-en-el-centro-de-tunez"],"_links":{"self":[{"href":"https:\/\/archive.sana.sy\/es\/index.php?rest_route=\/wp\/v2\/posts\/34152"}],"collection":[{"href":"https:\/\/archive.sana.sy\/es\/index.php?rest_route=\/wp\/v2\/posts"}],"about":[{"href":"https:\/\/archive.sana.sy\/es\/index.php?rest_route=\/wp\/v2\/types\/post"}],"author":[{"embeddable":true,"href":"https:\/\/archive.sana.sy\/es\/index.php?rest_route=\/wp\/v2\/users\/1"}],"replies":[{"embeddable":true,"href":"https:\/\/archive.sana.sy\/es\/index.php?rest_route=%2Fwp%2Fv2%2Fcomments&post=34152"}],"version-history":[{"count":0,"href":"https:\/\/archive.sana.sy\/es\/index.php?rest_route=\/wp\/v2\/posts\/34152\/revisions"}],"wp:featuredmedia":[{"embeddable":true,"href":"https:\/\/archive.sana.sy\/es\/index.php?rest_route=\/wp\/v2\/media\/19138"}],"wp:attachment":[{"href":"https:\/\/archive.sana.sy\/es\/index.php?rest_route=%2Fwp%2Fv2%2Fmedia&parent=34152"}],"wp:term":[{"taxonomy":"category","embeddable":true,"href":"https:\/\/archive.sana.sy\/es\/index.php?rest_route=%2Fwp%2Fv2%2Fcategories&post=34152"},{"taxonomy":"post_tag","embeddable":true,"href":"https:\/\/archive.sana.sy\/es\/index.php?rest_route=%2Fwp%2Fv2%2Ftags&post=34152"}],"curies":[{"name":"wp","href":"https:\/\/api.w.org\/{rel}","templated":true}]}}