{"id":34154,"date":"2015-11-24T21:18:39","date_gmt":"2015-11-24T19:18:39","guid":{"rendered":"http:\/\/sana.sy\/es\/?p=34154"},"modified":"2015-11-24T22:23:43","modified_gmt":"2015-11-24T20:23:43","slug":"rusia-cese-los-contactos-militares-con-turquia","status":"publish","type":"post","link":"https:\/\/archive.sana.sy\/es\/?p=34154","title":{"rendered":"Rusia cese los contactos militares con Turqu\u00eda"},"content":{"rendered":"<p style=\"text-align: justify\"><span style=\"color: #800000\">Mosc\u00fa, SANA<\/span>&#8211; Estado Mayor General de las Fuerzas Armadas de Rusia anunci\u00f3 la decisi\u00f3n de Mosc\u00fa de cortar todos los contactos militares con Ankara tras el derribo del avi\u00f3n ruso &#8220;Su-24&#8221; en territorio Siria por la Fuerza A\u00e9rea de Turqu\u00eda.<\/p>\n<p style=\"text-align: justify\">De acuerdo con un comunicado de prensa publicado por el Estado Mayor General de las Fuerzas Armadas de Rusia &#8220;a partir de ahora todos los vuelos de combate de los aviones bombarderos s\u00f3lo se realizar\u00e1n bajo la protecci\u00f3n de los cazas.&#8221;<\/p>\n<p style=\"text-align: justify\">Seg\u00fan el comunicado &#8220;otras medidas se adaptar\u00e1n para fortalecer la defensa a\u00e9rea, incluyendo el despliegue Del crucero Mosc\u00fa, dotado de un sistema anti-misiles Fort en frente a la costa de Latakia.&#8221;<\/p>\n<p style=\"text-align: justify\">El Estado Mayor ruso, advirti\u00f3 que &#8220;todos los objetivos que nos representar\u00e1n un peligro ser\u00e1n destruidos&#8221;.<\/p>\n<p>M.Miri<\/p>\n","protected":false},"excerpt":{"rendered":"<p>Mosc\u00fa, SANA&#8211; Estado Mayor General de las Fuerzas Armadas de Rusia anunci\u00f3 la decisi\u00f3n de Mosc\u00fa de cortar todos los contactos militares con Ankara tras el derribo del avi\u00f3n ruso &#8220;Su-24&#8221; en territorio Siria por la Fuerza A\u00e9rea de Turqu\u00eda. De acuerdo con un comunicado de prensa publicado por el Estado Mayor General de las &hellip;<\/p>\n","protected":false},"author":1,"featured_media":34155,"comment_status":"closed","ping_status":"closed","sticky":false,"template":"","format":"standard","meta":{"footnotes":""},"categories":[456,457,576],"tags":[7464],"class_list":["post-34154","post","type-post","status-publish","format-standard","has-post-thumbnail","","category-arabe-internacional-politica","category-noticias-arabe-internacional-politica","category-noticias-politicas","tag-rusia-cese-los-contactos-militares-con-turquia"],"_links":{"self":[{"href":"https:\/\/archive.sana.sy\/es\/index.php?rest_route=\/wp\/v2\/posts\/34154"}],"collection":[{"href":"https:\/\/archive.sana.sy\/es\/index.php?rest_route=\/wp\/v2\/posts"}],"about":[{"href":"https:\/\/archive.sana.sy\/es\/index.php?rest_route=\/wp\/v2\/types\/post"}],"author":[{"embeddable":true,"href":"https:\/\/archive.sana.sy\/es\/index.php?rest_route=\/wp\/v2\/users\/1"}],"replies":[{"embeddable":true,"href":"https:\/\/archive.sana.sy\/es\/index.php?rest_route=%2Fwp%2Fv2%2Fcomments&post=34154"}],"version-history":[{"count":0,"href":"https:\/\/archive.sana.sy\/es\/index.php?rest_route=\/wp\/v2\/posts\/34154\/revisions"}],"wp:featuredmedia":[{"embeddable":true,"href":"https:\/\/archive.sana.sy\/es\/index.php?rest_route=\/wp\/v2\/media\/34155"}],"wp:attachment":[{"href":"https:\/\/archive.sana.sy\/es\/index.php?rest_route=%2Fwp%2Fv2%2Fmedia&parent=34154"}],"wp:term":[{"taxonomy":"category","embeddable":true,"href":"https:\/\/archive.sana.sy\/es\/index.php?rest_route=%2Fwp%2Fv2%2Fcategories&post=34154"},{"taxonomy":"post_tag","embeddable":true,"href":"https:\/\/archive.sana.sy\/es\/index.php?rest_route=%2Fwp%2Fv2%2Ftags&post=34154"}],"curies":[{"name":"wp","href":"https:\/\/api.w.org\/{rel}","templated":true}]}}