{"id":341554,"date":"2024-10-29T17:50:10","date_gmt":"2024-10-29T14:50:10","guid":{"rendered":"https:\/\/sana.sy\/es\/?p=341554"},"modified":"2024-10-29T18:53:28","modified_gmt":"2024-10-29T15:53:28","slug":"se-reportan-casos-de-infecciones-intestinales-en-hasakeh-por-continua-interrupcion-del-suministro-de-agua-potable-por-el-ocupante-turco","status":"publish","type":"post","link":"https:\/\/archive.sana.sy\/es\/?p=341554","title":{"rendered":"Casos de infecci\u00f3n intestinal en Hasakeh por continua interrupci\u00f3n del agua potable por parte del ocupante turco"},"content":{"rendered":"<p style=\"text-align: justify\"><span style=\"color: #800000\"><strong>Hasakeh, 29 oct (SANA)<\/strong><\/span> El director de la Direcci\u00f3n de Salud de la provincia nororiental de Hasakeh, Issa Khalaf, afirm\u00f3 que el n\u00famero de ni\u00f1os que visitan el centro m\u00e9dico de la ciudad hom\u00f3nima ha aumentado significativamente desde principios de este mes.<\/p>\n<p style=\"text-align: justify\">\u201cEl n\u00famero de pacientes es de 28 a 30 ni\u00f1os diarios, los cuales padecen casos de diarrea y v\u00f3mitos\u201d, destac\u00f3, asegurando que su organismo tom\u00f3 las medidas necesarias para brindarles tratamiento m\u00e9dico gratuito.<\/p>\n<p style=\"text-align: justify\">Se\u00f1al\u00f3 que la causa principal detr\u00e1s de las infecciones es la dependencia del agua potable de origen desconocido a la luz de que el ocupante turco contin\u00faa cortando el suministro del l\u00edquido vital e interrumpiendo su bombeo desde la estaci\u00f3n de Alouk durante m\u00e1s de un a\u00f1o. \u200f<\/p>\n<p style=\"text-align: justify\">Cabe recordar que alrededor de un mill\u00f3n de ciudadanos de Hasakeh sufren escasez de agua como resultado de las pr\u00e1cticas inhumanas del ocupante turco.<\/p>\n<p style=\"text-align: justify\">la<\/p>\n","protected":false},"excerpt":{"rendered":"<p>Hasakeh, 29 oct (SANA) El director de la Direcci\u00f3n de Salud de la provincia nororiental de Hasakeh, Issa Khalaf, afirm\u00f3 que el n\u00famero de ni\u00f1os que visitan el centro m\u00e9dico de la ciudad hom\u00f3nima ha aumentado significativamente desde principios de este mes. \u201cEl n\u00famero de pacientes es de 28 a 30 ni\u00f1os diarios, los cuales &hellip;<\/p>\n","protected":false},"author":24,"featured_media":341555,"comment_status":"closed","ping_status":"closed","sticky":false,"template":"","format":"standard","meta":{"footnotes":""},"categories":[597,20724,476,7541],"tags":[],"class_list":["post-341554","post","type-post","status-publish","format-standard","has-post-thumbnail","","category-cinta-de-noticias","category-minuto-a-minuto","category-locales","category-ultimas-noticias"],"_links":{"self":[{"href":"https:\/\/archive.sana.sy\/es\/index.php?rest_route=\/wp\/v2\/posts\/341554"}],"collection":[{"href":"https:\/\/archive.sana.sy\/es\/index.php?rest_route=\/wp\/v2\/posts"}],"about":[{"href":"https:\/\/archive.sana.sy\/es\/index.php?rest_route=\/wp\/v2\/types\/post"}],"author":[{"embeddable":true,"href":"https:\/\/archive.sana.sy\/es\/index.php?rest_route=\/wp\/v2\/users\/24"}],"replies":[{"embeddable":true,"href":"https:\/\/archive.sana.sy\/es\/index.php?rest_route=%2Fwp%2Fv2%2Fcomments&post=341554"}],"version-history":[{"count":4,"href":"https:\/\/archive.sana.sy\/es\/index.php?rest_route=\/wp\/v2\/posts\/341554\/revisions"}],"predecessor-version":[{"id":341559,"href":"https:\/\/archive.sana.sy\/es\/index.php?rest_route=\/wp\/v2\/posts\/341554\/revisions\/341559"}],"wp:featuredmedia":[{"embeddable":true,"href":"https:\/\/archive.sana.sy\/es\/index.php?rest_route=\/wp\/v2\/media\/341555"}],"wp:attachment":[{"href":"https:\/\/archive.sana.sy\/es\/index.php?rest_route=%2Fwp%2Fv2%2Fmedia&parent=341554"}],"wp:term":[{"taxonomy":"category","embeddable":true,"href":"https:\/\/archive.sana.sy\/es\/index.php?rest_route=%2Fwp%2Fv2%2Fcategories&post=341554"},{"taxonomy":"post_tag","embeddable":true,"href":"https:\/\/archive.sana.sy\/es\/index.php?rest_route=%2Fwp%2Fv2%2Ftags&post=341554"}],"curies":[{"name":"wp","href":"https:\/\/api.w.org\/{rel}","templated":true}]}}