{"id":341560,"date":"2024-10-29T17:02:57","date_gmt":"2024-10-29T14:02:57","guid":{"rendered":"https:\/\/sana.sy\/es\/?p=341560"},"modified":"2024-10-29T20:04:09","modified_gmt":"2024-10-29T17:04:09","slug":"fuerzas-yemenies-atacan-con-drones-kamikaze-zona-industrial-de-ascalon","status":"publish","type":"post","link":"https:\/\/archive.sana.sy\/es\/?p=341560","title":{"rendered":"Fuerzas yemen\u00edes atacan con drones kamikaze zona industrial de Ascal\u00f3n"},"content":{"rendered":"<p style=\"text-align: justify\"><span style=\"color: #800000\"><strong>San\u00e1, 29 oct (SANA)<\/strong><\/span> Las Fuerzas Armadas de Yemen anunciaron realizar una operaci\u00f3n militar cualitativa contra la regi\u00f3n israel\u00ed de Ascal\u00f3n, al sur de Palestina ocupada.<\/p>\n<p style=\"text-align: justify\">En un comunicado: \u201cLa Fuerza A\u00e9rea llev\u00f3 a cabo una operaci\u00f3n militar cualitativa con varios drones que apuntaron a la zona industrial del enemigo israel\u00ed en la regi\u00f3n de Ascal\u00f3n, al sur de la Palestina ocupada\u201d, y se\u00f1al\u00f3 que los drones alcanzaron exitosamente sus objetivos.<\/p>\n<p style=\"text-align: justify\">Asimismo afirm\u00f3 que las fuerzas armadas yemen\u00edes continuar\u00e1n sus operaciones militares en respuesta a los cr\u00edmenes del enemigo sionista en Gaza y el L\u00edbano.<\/p>\n<p style=\"text-align: justify\">Las fuerzas armadas yemen\u00edes llevaron a cabo el martes pasado un operativo contra una base militar del enemigo israel\u00ed al este de Yafa, en los territorios palestinos ocupados.<\/p>\n<p style=\"text-align: justify\">la<\/p>\n","protected":false},"excerpt":{"rendered":"<p>San\u00e1, 29 oct (SANA) Las Fuerzas Armadas de Yemen anunciaron realizar una operaci\u00f3n militar cualitativa contra la regi\u00f3n israel\u00ed de Ascal\u00f3n, al sur de Palestina ocupada. En un comunicado: \u201cLa Fuerza A\u00e9rea llev\u00f3 a cabo una operaci\u00f3n militar cualitativa con varios drones que apuntaron a la zona industrial del enemigo israel\u00ed en la regi\u00f3n de &hellip;<\/p>\n","protected":false},"author":24,"featured_media":341561,"comment_status":"closed","ping_status":"closed","sticky":false,"template":"","format":"standard","meta":{"footnotes":""},"categories":[597,456,20724,7541],"tags":[],"class_list":["post-341560","post","type-post","status-publish","format-standard","has-post-thumbnail","","category-cinta-de-noticias","category-arabe-internacional-politica","category-minuto-a-minuto","category-ultimas-noticias"],"_links":{"self":[{"href":"https:\/\/archive.sana.sy\/es\/index.php?rest_route=\/wp\/v2\/posts\/341560"}],"collection":[{"href":"https:\/\/archive.sana.sy\/es\/index.php?rest_route=\/wp\/v2\/posts"}],"about":[{"href":"https:\/\/archive.sana.sy\/es\/index.php?rest_route=\/wp\/v2\/types\/post"}],"author":[{"embeddable":true,"href":"https:\/\/archive.sana.sy\/es\/index.php?rest_route=\/wp\/v2\/users\/24"}],"replies":[{"embeddable":true,"href":"https:\/\/archive.sana.sy\/es\/index.php?rest_route=%2Fwp%2Fv2%2Fcomments&post=341560"}],"version-history":[{"count":1,"href":"https:\/\/archive.sana.sy\/es\/index.php?rest_route=\/wp\/v2\/posts\/341560\/revisions"}],"predecessor-version":[{"id":341562,"href":"https:\/\/archive.sana.sy\/es\/index.php?rest_route=\/wp\/v2\/posts\/341560\/revisions\/341562"}],"wp:featuredmedia":[{"embeddable":true,"href":"https:\/\/archive.sana.sy\/es\/index.php?rest_route=\/wp\/v2\/media\/341561"}],"wp:attachment":[{"href":"https:\/\/archive.sana.sy\/es\/index.php?rest_route=%2Fwp%2Fv2%2Fmedia&parent=341560"}],"wp:term":[{"taxonomy":"category","embeddable":true,"href":"https:\/\/archive.sana.sy\/es\/index.php?rest_route=%2Fwp%2Fv2%2Fcategories&post=341560"},{"taxonomy":"post_tag","embeddable":true,"href":"https:\/\/archive.sana.sy\/es\/index.php?rest_route=%2Fwp%2Fv2%2Ftags&post=341560"}],"curies":[{"name":"wp","href":"https:\/\/api.w.org\/{rel}","templated":true}]}}