{"id":341601,"date":"2024-10-30T17:00:57","date_gmt":"2024-10-30T14:00:57","guid":{"rendered":"https:\/\/sana.sy\/es\/?p=341601"},"modified":"2024-10-30T17:14:10","modified_gmt":"2024-10-30T14:14:10","slug":"ejercito-sirio-derriba-10-drones-terroristas-en-idlib-y-alepo-fotos","status":"publish","type":"post","link":"https:\/\/archive.sana.sy\/es\/?p=341601","title":{"rendered":"Ej\u00e9rcito sirio derriba 10 drones terroristas en Idlib y Alepo (+ fotos)"},"content":{"rendered":"<p style=\"text-align: justify\"><span style=\"color: #800000\"><strong>Latakia e Idlib, 30 oct (SANA)<\/strong><\/span> Los uniformados del Ej\u00e9rcito \u00c1rabe Sirio que operan en las provincias de Idlib y Alepo en el noroeste del pa\u00eds, destruyeron 10 veh\u00edculos a\u00e9reos no tripulados lanzados por los grupos terroristas.<\/p>\n<p style=\"text-align: justify\">En un comunicado, el Ministerio sirio de Defensa inform\u00f3 que los radicales pretend\u00edan con estos drones atacar puntos militares y comunidades civiles.<\/p>\n<p style=\"text-align: justify\">Durante los \u00faltimos meses, las Fuerzas Armadas sirias lograron frustrar ataques terroristas perpetrados por las agrupaciones extremistas desplegadas en algunas zonas de Idlib, Alepo y Latakia.<\/p>\n<p style=\"text-align: justify\">Asimismo, las fuerzas sirias en cooperaci\u00f3n con la aviaci\u00f3n rusa, atacaron los cuarteles generales y las fortificaciones de los terroristas en el campo norte\u00f1o de la provincia de Latakia y lograron destruirlos por completo.<\/p>\n<p style=\"text-align: justify\">as\/fm<\/p>\n<div id='gallery-1' class='gallery galleryid-341601 gallery-columns-1 gallery-size-full'><figure class='gallery-item'>\n\t\t\t<div class='gallery-icon portrait'>\n\t\t\t\t<a href='https:\/\/archive.sana.sy\/es\/wp-content\/uploads\/2024\/10\/photo_2024-10-30_11-57-38-5.jpg'><img loading=\"lazy\" decoding=\"async\" width=\"744\" height=\"992\" src=\"https:\/\/archive.sana.sy\/es\/wp-content\/uploads\/2024\/10\/photo_2024-10-30_11-57-38-5.jpg\" class=\"attachment-full size-full\" alt=\"\" srcset=\"https:\/\/archive.sana.sy\/es\/wp-content\/uploads\/2024\/10\/photo_2024-10-30_11-57-38-5.jpg 744w, https:\/\/archive.sana.sy\/es\/wp-content\/uploads\/2024\/10\/photo_2024-10-30_11-57-38-5-225x300.jpg 225w, https:\/\/archive.sana.sy\/es\/wp-content\/uploads\/2024\/10\/photo_2024-10-30_11-57-38-5-113x150.jpg 113w\" sizes=\"(max-width: 744px) 100vw, 744px\" \/><\/a>\n\t\t\t<\/div><\/figure><figure class='gallery-item'>\n\t\t\t<div class='gallery-icon portrait'>\n\t\t\t\t<a href='https:\/\/archive.sana.sy\/es\/wp-content\/uploads\/2024\/10\/photo_2024-10-30_11-57-38-4.jpg'><img loading=\"lazy\" decoding=\"async\" width=\"780\" height=\"1040\" src=\"https:\/\/archive.sana.sy\/es\/wp-content\/uploads\/2024\/10\/photo_2024-10-30_11-57-38-4.jpg\" class=\"attachment-full size-full\" alt=\"\" srcset=\"https:\/\/archive.sana.sy\/es\/wp-content\/uploads\/2024\/10\/photo_2024-10-30_11-57-38-4.jpg 780w, https:\/\/archive.sana.sy\/es\/wp-content\/uploads\/2024\/10\/photo_2024-10-30_11-57-38-4-225x300.jpg 225w, https:\/\/archive.sana.sy\/es\/wp-content\/uploads\/2024\/10\/photo_2024-10-30_11-57-38-4-768x1024.jpg 768w, https:\/\/archive.sana.sy\/es\/wp-content\/uploads\/2024\/10\/photo_2024-10-30_11-57-38-4-113x150.jpg 113w\" sizes=\"(max-width: 780px) 100vw, 780px\" \/><\/a>\n\t\t\t<\/div><\/figure><figure class='gallery-item'>\n\t\t\t<div class='gallery-icon portrait'>\n\t\t\t\t<a href='https:\/\/archive.sana.sy\/es\/wp-content\/uploads\/2024\/10\/photo_2024-10-30_11-57-38-3.jpg'><img loading=\"lazy\" decoding=\"async\" width=\"658\" height=\"878\" src=\"https:\/\/archive.sana.sy\/es\/wp-content\/uploads\/2024\/10\/photo_2024-10-30_11-57-38-3.jpg\" class=\"attachment-full size-full\" alt=\"\" srcset=\"https:\/\/archive.sana.sy\/es\/wp-content\/uploads\/2024\/10\/photo_2024-10-30_11-57-38-3.jpg 658w, https:\/\/archive.sana.sy\/es\/wp-content\/uploads\/2024\/10\/photo_2024-10-30_11-57-38-3-225x300.jpg 225w, https:\/\/archive.sana.sy\/es\/wp-content\/uploads\/2024\/10\/photo_2024-10-30_11-57-38-3-112x150.jpg 112w\" sizes=\"(max-width: 658px) 100vw, 658px\" \/><\/a>\n\t\t\t<\/div><\/figure><figure class='gallery-item'>\n\t\t\t<div class='gallery-icon portrait'>\n\t\t\t\t<a href='https:\/\/archive.sana.sy\/es\/wp-content\/uploads\/2024\/10\/photo_2024-10-30_11-57-38-2.jpg'><img loading=\"lazy\" decoding=\"async\" width=\"696\" height=\"927\" src=\"https:\/\/archive.sana.sy\/es\/wp-content\/uploads\/2024\/10\/photo_2024-10-30_11-57-38-2.jpg\" class=\"attachment-full size-full\" alt=\"\" srcset=\"https:\/\/archive.sana.sy\/es\/wp-content\/uploads\/2024\/10\/photo_2024-10-30_11-57-38-2.jpg 696w, https:\/\/archive.sana.sy\/es\/wp-content\/uploads\/2024\/10\/photo_2024-10-30_11-57-38-2-225x300.jpg 225w, https:\/\/archive.sana.sy\/es\/wp-content\/uploads\/2024\/10\/photo_2024-10-30_11-57-38-2-113x150.jpg 113w\" sizes=\"(max-width: 696px) 100vw, 696px\" \/><\/a>\n\t\t\t<\/div><\/figure><figure class='gallery-item'>\n\t\t\t<div class='gallery-icon portrait'>\n\t\t\t\t<a href='https:\/\/archive.sana.sy\/es\/wp-content\/uploads\/2024\/10\/photo_2024-10-30_11-57-38.jpg'><img loading=\"lazy\" decoding=\"async\" width=\"646\" height=\"861\" src=\"https:\/\/archive.sana.sy\/es\/wp-content\/uploads\/2024\/10\/photo_2024-10-30_11-57-38.jpg\" class=\"attachment-full size-full\" alt=\"\" srcset=\"https:\/\/archive.sana.sy\/es\/wp-content\/uploads\/2024\/10\/photo_2024-10-30_11-57-38.jpg 646w, https:\/\/archive.sana.sy\/es\/wp-content\/uploads\/2024\/10\/photo_2024-10-30_11-57-38-225x300.jpg 225w, https:\/\/archive.sana.sy\/es\/wp-content\/uploads\/2024\/10\/photo_2024-10-30_11-57-38-113x150.jpg 113w\" sizes=\"(max-width: 646px) 100vw, 646px\" \/><\/a>\n\t\t\t<\/div><\/figure>\n\t\t<\/div>\n\n","protected":false},"excerpt":{"rendered":"<p>Latakia e Idlib, 30 oct (SANA) Los uniformados del Ej\u00e9rcito \u00c1rabe Sirio que operan en las provincias de Idlib y Alepo en el noroeste del pa\u00eds, destruyeron 10 veh\u00edculos a\u00e9reos no tripulados lanzados por los grupos terroristas. En un comunicado, el Ministerio sirio de Defensa inform\u00f3 que los radicales pretend\u00edan con estos drones atacar puntos &hellip;<\/p>\n","protected":false},"author":42,"featured_media":341607,"comment_status":"closed","ping_status":"closed","sticky":false,"template":"","format":"standard","meta":{"footnotes":""},"categories":[597,20724,476,16688,583],"tags":[],"class_list":["post-341601","post","type-post","status-publish","format-standard","has-post-thumbnail","","category-cinta-de-noticias","category-minuto-a-minuto","category-locales","category-nacionales","category-slide"],"_links":{"self":[{"href":"https:\/\/archive.sana.sy\/es\/index.php?rest_route=\/wp\/v2\/posts\/341601"}],"collection":[{"href":"https:\/\/archive.sana.sy\/es\/index.php?rest_route=\/wp\/v2\/posts"}],"about":[{"href":"https:\/\/archive.sana.sy\/es\/index.php?rest_route=\/wp\/v2\/types\/post"}],"author":[{"embeddable":true,"href":"https:\/\/archive.sana.sy\/es\/index.php?rest_route=\/wp\/v2\/users\/42"}],"replies":[{"embeddable":true,"href":"https:\/\/archive.sana.sy\/es\/index.php?rest_route=%2Fwp%2Fv2%2Fcomments&post=341601"}],"version-history":[{"count":2,"href":"https:\/\/archive.sana.sy\/es\/index.php?rest_route=\/wp\/v2\/posts\/341601\/revisions"}],"predecessor-version":[{"id":341630,"href":"https:\/\/archive.sana.sy\/es\/index.php?rest_route=\/wp\/v2\/posts\/341601\/revisions\/341630"}],"wp:featuredmedia":[{"embeddable":true,"href":"https:\/\/archive.sana.sy\/es\/index.php?rest_route=\/wp\/v2\/media\/341607"}],"wp:attachment":[{"href":"https:\/\/archive.sana.sy\/es\/index.php?rest_route=%2Fwp%2Fv2%2Fmedia&parent=341601"}],"wp:term":[{"taxonomy":"category","embeddable":true,"href":"https:\/\/archive.sana.sy\/es\/index.php?rest_route=%2Fwp%2Fv2%2Fcategories&post=341601"},{"taxonomy":"post_tag","embeddable":true,"href":"https:\/\/archive.sana.sy\/es\/index.php?rest_route=%2Fwp%2Fv2%2Ftags&post=341601"}],"curies":[{"name":"wp","href":"https:\/\/api.w.org\/{rel}","templated":true}]}}