{"id":34163,"date":"2015-11-25T11:09:36","date_gmt":"2015-11-25T09:09:36","guid":{"rendered":"http:\/\/sana.sy\/es\/?p=34163"},"modified":"2015-11-25T11:09:36","modified_gmt":"2015-11-25T09:09:36","slug":"iran-y-bolivia-condena-crimenes-terroristas-en-siria-y-denuncian-el-apoyo-de-algunos-paises-al-terrorismo","status":"publish","type":"post","link":"https:\/\/archive.sana.sy\/es\/?p=34163","title":{"rendered":"Ir\u00e1n y Bolivia condena cr\u00edmenes terroristas en Siria y denuncian el apoyo de algunos pa\u00edses al terrorismo"},"content":{"rendered":"<p><span style=\"color: #800000\">Teher\u00e1n, SANA<\/span><\/p>\n<p>Los presidentes de Ir\u00e1n, Hassan Rohani, y de Bolivia, Evo Morales, condenaron los cr\u00edmenes cometidos por los terroristas en Siria, Irak y L\u00edbano, y las masacres en Yemen, as\u00ed como denunciaron el apoyo de algunos pa\u00edses a los grupos terroristas.<\/p>\n<p>En un comunicado emitido al final de la visita de Morales a Teher\u00e1n y su participaci\u00f3n en la III Cumbre del Foro de Pa\u00edses Exportadores de Gas (FPEG), ambos mandatarios llamaron a &#8220;poner fin a la adopci\u00f3n de un doble rasero en la lucha contra el terrorismo por parte de algunos gobiernos&#8221;, subrayando que el terrorismo y el extremismo ponen en peligro la paz y la seguridad mundiales.<\/p>\n<p>Las dos partes subrayaron la necesidad de mejorar la cooperaci\u00f3n y fortalecer los lazos entre los dos pa\u00edses en materia de cooperaci\u00f3n econ\u00f3mica, cultural y cient\u00edfica, y en las \u00e1reas de la salud, la energ\u00eda alternativa, la medicina, la agricultura, la nanotecnolog\u00eda.<\/p>\n<p>El presidente de Bolivia, Evo Morales, afirm\u00f3 que cuando una potencia del Occidente tiene problemas econ\u00f3micos, considera que la \u00fanica soluci\u00f3n es una intervenci\u00f3n militar por mediaci\u00f3n de la OTAN o los cascos azules.<\/p>\n<p>Tambi\u00e9n declar\u00f3 que &#8220;ellos forman terroristas al igual que sus aliados para tumbar a gobiernos antimperialistas y ahora los grupos terroristas hasta se vuelcan contra ellos&#8221;.<\/p>\n<p><span style=\"color: #00ccff\">Fady M., Hala B.<\/span><\/p>\n","protected":false},"excerpt":{"rendered":"<p>Teher\u00e1n, SANA Los presidentes de Ir\u00e1n, Hassan Rohani, y de Bolivia, Evo Morales, condenaron los cr\u00edmenes cometidos por los terroristas en Siria, Irak y L\u00edbano, y las masacres en Yemen, as\u00ed como denunciaron el apoyo de algunos pa\u00edses a los grupos terroristas. En un comunicado emitido al final de la visita de Morales a Teher\u00e1n &hellip;<\/p>\n","protected":false},"author":1,"featured_media":34164,"comment_status":"closed","ping_status":"closed","sticky":false,"template":"","format":"standard","meta":{"footnotes":""},"categories":[456,457,576],"tags":[7467],"class_list":["post-34163","post","type-post","status-publish","format-standard","has-post-thumbnail","","category-arabe-internacional-politica","category-noticias-arabe-internacional-politica","category-noticias-politicas","tag-iran-y-bolivia-condena-crimenes-terroristas-en-siria-y-denuncian-el-apoyo-de-algunos-paises-al-terrorismo"],"_links":{"self":[{"href":"https:\/\/archive.sana.sy\/es\/index.php?rest_route=\/wp\/v2\/posts\/34163"}],"collection":[{"href":"https:\/\/archive.sana.sy\/es\/index.php?rest_route=\/wp\/v2\/posts"}],"about":[{"href":"https:\/\/archive.sana.sy\/es\/index.php?rest_route=\/wp\/v2\/types\/post"}],"author":[{"embeddable":true,"href":"https:\/\/archive.sana.sy\/es\/index.php?rest_route=\/wp\/v2\/users\/1"}],"replies":[{"embeddable":true,"href":"https:\/\/archive.sana.sy\/es\/index.php?rest_route=%2Fwp%2Fv2%2Fcomments&post=34163"}],"version-history":[{"count":0,"href":"https:\/\/archive.sana.sy\/es\/index.php?rest_route=\/wp\/v2\/posts\/34163\/revisions"}],"wp:featuredmedia":[{"embeddable":true,"href":"https:\/\/archive.sana.sy\/es\/index.php?rest_route=\/wp\/v2\/media\/34164"}],"wp:attachment":[{"href":"https:\/\/archive.sana.sy\/es\/index.php?rest_route=%2Fwp%2Fv2%2Fmedia&parent=34163"}],"wp:term":[{"taxonomy":"category","embeddable":true,"href":"https:\/\/archive.sana.sy\/es\/index.php?rest_route=%2Fwp%2Fv2%2Fcategories&post=34163"},{"taxonomy":"post_tag","embeddable":true,"href":"https:\/\/archive.sana.sy\/es\/index.php?rest_route=%2Fwp%2Fv2%2Ftags&post=34163"}],"curies":[{"name":"wp","href":"https:\/\/api.w.org\/{rel}","templated":true}]}}