{"id":341631,"date":"2024-10-30T19:15:30","date_gmt":"2024-10-30T16:15:30","guid":{"rendered":"https:\/\/sana.sy\/es\/?p=341631"},"modified":"2024-10-30T19:15:05","modified_gmt":"2024-10-30T16:15:05","slug":"canciller-sirio-se-reune-con-presidenta-del-consejo-de-la-republica-de-la-asamblea-nacional-de-bielorrusia","status":"publish","type":"post","link":"https:\/\/archive.sana.sy\/es\/?p=341631","title":{"rendered":"Canciller sirio se re\u00fane con Presidenta del Consejo de la Rep\u00fablica de la Asamblea Nacional de Bielorrusia"},"content":{"rendered":"<p style=\"text-align: justify\"><span style=\"color: #800000\"><strong>Minsk, 30 oct (SANA)<\/strong><\/span> El ministro de Asuntos Exteriores y Expatriados, Bassam Sabbagh, abord\u00f3 con Natalia Kochanova, Presidenta del Consejo de la Rep\u00fablica de la Asamblea Nacional de Bielorrusia, las v\u00edas de desarrollar las relaciones binacionales, especialmente en el campo interparlamentario.<\/p>\n<p style=\"text-align: justify\">El encuentro tuvo lugar en la capital bielorrusa Minsk en el marco que de la visita oficial que inici\u00f3 el Canciller sirio ayer el martes al pa\u00eds amigo.<\/p>\n<div id='gallery-1' class='gallery galleryid-341631 gallery-columns-1 gallery-size-medium'><figure class='gallery-item'>\n\t\t\t<div class='gallery-icon landscape'>\n\t\t\t\t<a href='https:\/\/archive.sana.sy\/es\/wp-content\/uploads\/2024\/10\/photo_2024-10-30_16-54-13-scaled.jpg'><img loading=\"lazy\" decoding=\"async\" width=\"300\" height=\"164\" src=\"https:\/\/archive.sana.sy\/es\/wp-content\/uploads\/2024\/10\/photo_2024-10-30_16-54-13-300x164.jpg\" class=\"attachment-medium size-medium\" alt=\"\" srcset=\"https:\/\/archive.sana.sy\/es\/wp-content\/uploads\/2024\/10\/photo_2024-10-30_16-54-13-300x164.jpg 300w, https:\/\/archive.sana.sy\/es\/wp-content\/uploads\/2024\/10\/photo_2024-10-30_16-54-13-1024x559.jpg 1024w, https:\/\/archive.sana.sy\/es\/wp-content\/uploads\/2024\/10\/photo_2024-10-30_16-54-13-150x82.jpg 150w, https:\/\/archive.sana.sy\/es\/wp-content\/uploads\/2024\/10\/photo_2024-10-30_16-54-13-768x419.jpg 768w, https:\/\/archive.sana.sy\/es\/wp-content\/uploads\/2024\/10\/photo_2024-10-30_16-54-13-1536x838.jpg 1536w, https:\/\/archive.sana.sy\/es\/wp-content\/uploads\/2024\/10\/photo_2024-10-30_16-54-13-2048x1118.jpg 2048w\" sizes=\"(max-width: 300px) 100vw, 300px\" \/><\/a>\n\t\t\t<\/div><\/figure>\n\t\t<\/div>\n\n<p style=\"text-align: justify\">Sabbagh destac\u00f3 que la diplomacia parlamentaria popular se ha convertido en una parte importante de la diplomacia integral de cualquier pa\u00eds, y que los diputados elegidos directamente por el pueblo son los m\u00e1s capaces de traducir los intereses del pueblo y sus preocupaciones de manera transparente y realista.<\/p>\n<p style=\"text-align: justify\">En otro contexto, el jefe de la diplomacia siria enfatiz\u00f3 que la verdadera amistad entre los dos pa\u00edses les ha ayudado a afrontar los desaf\u00edos comunes, en particular los intentos de injerencia extranjera en sus asuntos internos, as\u00ed como las medidas coercitivas unilaterales inhumanas aplicadas a los dos pa\u00edses.<\/p>\n<p style=\"text-align: justify\">A su vez, Kochanova agradeci\u00f3 en nombre del Presidente bielorruso, Alexander Lukashenko, a Siria por ser un socio fuerte y sincero de Bielorrusia en el escenario internacional, y reafirm\u00f3 el inter\u00e9s de su pa\u00eds en cooperar con Damasco en todos los aspectos pol\u00edticos, econ\u00f3micos, comerciales, \u00e1mbito cultural y humanitario.<\/p>\n<p style=\"text-align: justify\">la<\/p>\n","protected":false},"excerpt":{"rendered":"<p>Minsk, 30 oct (SANA) El ministro de Asuntos Exteriores y Expatriados, Bassam Sabbagh, abord\u00f3 con Natalia Kochanova, Presidenta del Consejo de la Rep\u00fablica de la Asamblea Nacional de Bielorrusia, las v\u00edas de desarrollar las relaciones binacionales, especialmente en el campo interparlamentario. El encuentro tuvo lugar en la capital bielorrusa Minsk en el marco que de &hellip;<\/p>\n","protected":false},"author":24,"featured_media":341632,"comment_status":"closed","ping_status":"closed","sticky":false,"template":"","format":"standard","meta":{"footnotes":""},"categories":[597,20724,467,7541],"tags":[],"class_list":["post-341631","post","type-post","status-publish","format-standard","has-post-thumbnail","","category-cinta-de-noticias","category-minuto-a-minuto","category-siria-y-el-mundo","category-ultimas-noticias"],"_links":{"self":[{"href":"https:\/\/archive.sana.sy\/es\/index.php?rest_route=\/wp\/v2\/posts\/341631"}],"collection":[{"href":"https:\/\/archive.sana.sy\/es\/index.php?rest_route=\/wp\/v2\/posts"}],"about":[{"href":"https:\/\/archive.sana.sy\/es\/index.php?rest_route=\/wp\/v2\/types\/post"}],"author":[{"embeddable":true,"href":"https:\/\/archive.sana.sy\/es\/index.php?rest_route=\/wp\/v2\/users\/24"}],"replies":[{"embeddable":true,"href":"https:\/\/archive.sana.sy\/es\/index.php?rest_route=%2Fwp%2Fv2%2Fcomments&post=341631"}],"version-history":[{"count":1,"href":"https:\/\/archive.sana.sy\/es\/index.php?rest_route=\/wp\/v2\/posts\/341631\/revisions"}],"predecessor-version":[{"id":341635,"href":"https:\/\/archive.sana.sy\/es\/index.php?rest_route=\/wp\/v2\/posts\/341631\/revisions\/341635"}],"wp:featuredmedia":[{"embeddable":true,"href":"https:\/\/archive.sana.sy\/es\/index.php?rest_route=\/wp\/v2\/media\/341632"}],"wp:attachment":[{"href":"https:\/\/archive.sana.sy\/es\/index.php?rest_route=%2Fwp%2Fv2%2Fmedia&parent=341631"}],"wp:term":[{"taxonomy":"category","embeddable":true,"href":"https:\/\/archive.sana.sy\/es\/index.php?rest_route=%2Fwp%2Fv2%2Fcategories&post=341631"},{"taxonomy":"post_tag","embeddable":true,"href":"https:\/\/archive.sana.sy\/es\/index.php?rest_route=%2Fwp%2Fv2%2Ftags&post=341631"}],"curies":[{"name":"wp","href":"https:\/\/api.w.org\/{rel}","templated":true}]}}