{"id":341640,"date":"2024-10-30T19:18:43","date_gmt":"2024-10-30T16:18:43","guid":{"rendered":"https:\/\/sana.sy\/es\/?p=341640"},"modified":"2024-10-30T19:18:43","modified_gmt":"2024-10-30T16:18:43","slug":"resistencia-libanesa-ataco-con-un-misil-guiado-una-concentracion-de-soldados-israelies-que-incluyo-a-mas-de-doce-efectivos-entre-las-localidades-libanesas-de-kafr-kalla-y-deir-mimas-y-logro-infligir","status":"publish","type":"post","link":"https:\/\/archive.sana.sy\/es\/?p=341640","title":{"rendered":"Resistencia libanesa atac\u00f3 con un misil guiado una concentraci\u00f3n de soldados israel\u00edes que incluy\u00f3 a m\u00e1s de doce efectivos, entre las localidades libanesas de Kafr Kalla y Deir Mimas, y logr\u00f3 infligir bajas y heridos entre sus filas."},"content":{"rendered":"","protected":false},"excerpt":{"rendered":"","protected":false},"author":24,"featured_media":0,"comment_status":"closed","ping_status":"closed","sticky":false,"template":"","format":"standard","meta":{"footnotes":""},"categories":[20724],"tags":[],"class_list":["post-341640","post","type-post","status-publish","format-standard","","category-minuto-a-minuto"],"_links":{"self":[{"href":"https:\/\/archive.sana.sy\/es\/index.php?rest_route=\/wp\/v2\/posts\/341640"}],"collection":[{"href":"https:\/\/archive.sana.sy\/es\/index.php?rest_route=\/wp\/v2\/posts"}],"about":[{"href":"https:\/\/archive.sana.sy\/es\/index.php?rest_route=\/wp\/v2\/types\/post"}],"author":[{"embeddable":true,"href":"https:\/\/archive.sana.sy\/es\/index.php?rest_route=\/wp\/v2\/users\/24"}],"replies":[{"embeddable":true,"href":"https:\/\/archive.sana.sy\/es\/index.php?rest_route=%2Fwp%2Fv2%2Fcomments&post=341640"}],"version-history":[{"count":1,"href":"https:\/\/archive.sana.sy\/es\/index.php?rest_route=\/wp\/v2\/posts\/341640\/revisions"}],"predecessor-version":[{"id":341641,"href":"https:\/\/archive.sana.sy\/es\/index.php?rest_route=\/wp\/v2\/posts\/341640\/revisions\/341641"}],"wp:attachment":[{"href":"https:\/\/archive.sana.sy\/es\/index.php?rest_route=%2Fwp%2Fv2%2Fmedia&parent=341640"}],"wp:term":[{"taxonomy":"category","embeddable":true,"href":"https:\/\/archive.sana.sy\/es\/index.php?rest_route=%2Fwp%2Fv2%2Fcategories&post=341640"},{"taxonomy":"post_tag","embeddable":true,"href":"https:\/\/archive.sana.sy\/es\/index.php?rest_route=%2Fwp%2Fv2%2Ftags&post=341640"}],"curies":[{"name":"wp","href":"https:\/\/api.w.org\/{rel}","templated":true}]}}