{"id":341646,"date":"2024-10-31T05:39:53","date_gmt":"2024-10-31T02:39:53","guid":{"rendered":"https:\/\/sana.sy\/es\/?p=341646"},"modified":"2024-10-31T05:39:53","modified_gmt":"2024-10-31T02:39:53","slug":"cifras-horrorosas-de-las-victimas-por-agresion-israeli-contra-el-libano-fotos","status":"publish","type":"post","link":"https:\/\/archive.sana.sy\/es\/?p=341646","title":{"rendered":"Cifras horrorosas de las v\u00edctimas por agresi\u00f3n israel\u00ed contra el L\u00edbano (+ fotos)"},"content":{"rendered":"<p style=\"text-align: justify;\"><span style=\"color: #800000;\"><strong>Beirut, 31 oct (SANA)\u00a0\u00a0<\/strong><\/span> El Ministerio de Salud liban\u00e9s anunci\u00f3 hoy que el saldo de muertos por la constante agresi\u00f3n israel\u00ed contra el L\u00edbano \u00a0aument\u00f3 \u00a02.822 mientras los heridos llegaron a 12.937.<\/p>\n<p style=\"text-align: justify;\">El Centro de Operaciones de Emergencia del Ministerio de Salud P\u00fablica indic\u00f3 en su informe diario que en las \u00faltimas 24 horas hubo 300 muertos y 165 heridos.<\/p>\n<p style=\"text-align: justify;\">Durante las recientes horas, se report\u00f3 la muerte de 24 personas en ataques a\u00e9reos israel\u00edes contra las ciudades de Haret Sid\u00f3n y Sarafand en el sur del L\u00edbano.<\/p>\n<p style=\"text-align: justify;\">fm<\/p>\n<div id='gallery-1' class='gallery galleryid-341646 gallery-columns-1 gallery-size-full'><figure class='gallery-item'>\n\t\t\t<div class='gallery-icon landscape'>\n\t\t\t\t<a href='https:\/\/archive.sana.sy\/es\/wp-content\/uploads\/2024\/10\/Untitled-1-48.jpg'><img loading=\"lazy\" decoding=\"async\" width=\"660\" height=\"370\" src=\"https:\/\/archive.sana.sy\/es\/wp-content\/uploads\/2024\/10\/Untitled-1-48.jpg\" class=\"attachment-full size-full\" alt=\"\" srcset=\"https:\/\/archive.sana.sy\/es\/wp-content\/uploads\/2024\/10\/Untitled-1-48.jpg 660w, https:\/\/archive.sana.sy\/es\/wp-content\/uploads\/2024\/10\/Untitled-1-48-300x168.jpg 300w, https:\/\/archive.sana.sy\/es\/wp-content\/uploads\/2024\/10\/Untitled-1-48-150x84.jpg 150w\" sizes=\"(max-width: 660px) 100vw, 660px\" \/><\/a>\n\t\t\t<\/div><\/figure><figure class='gallery-item'>\n\t\t\t<div class='gallery-icon landscape'>\n\t\t\t\t<a href='https:\/\/archive.sana.sy\/es\/wp-content\/uploads\/2024\/10\/\u0644\u0628.jpg'><img loading=\"lazy\" decoding=\"async\" width=\"660\" height=\"370\" src=\"https:\/\/archive.sana.sy\/es\/wp-content\/uploads\/2024\/10\/\u0644\u0628.jpg\" class=\"attachment-full size-full\" alt=\"\" srcset=\"https:\/\/archive.sana.sy\/es\/wp-content\/uploads\/2024\/10\/\u0644\u0628.jpg 660w, https:\/\/archive.sana.sy\/es\/wp-content\/uploads\/2024\/10\/\u0644\u0628-300x168.jpg 300w, https:\/\/archive.sana.sy\/es\/wp-content\/uploads\/2024\/10\/\u0644\u0628-150x84.jpg 150w\" sizes=\"(max-width: 660px) 100vw, 660px\" \/><\/a>\n\t\t\t<\/div><\/figure>\n\t\t<\/div>\n\n","protected":false},"excerpt":{"rendered":"<p>Beirut, 31 oct (SANA)\u00a0\u00a0 El Ministerio de Salud liban\u00e9s anunci\u00f3 hoy que el saldo de muertos por la constante agresi\u00f3n israel\u00ed contra el L\u00edbano \u00a0aument\u00f3 \u00a02.822 mientras los heridos llegaron a 12.937. El Centro de Operaciones de Emergencia del Ministerio de Salud P\u00fablica indic\u00f3 en su informe diario que en las \u00faltimas 24 horas hubo &hellip;<\/p>\n","protected":false},"author":34,"featured_media":341647,"comment_status":"closed","ping_status":"closed","sticky":false,"template":"","format":"standard","meta":{"footnotes":""},"categories":[597,456,20724,583],"tags":[],"class_list":["post-341646","post","type-post","status-publish","format-standard","has-post-thumbnail","","category-cinta-de-noticias","category-arabe-internacional-politica","category-minuto-a-minuto","category-slide"],"_links":{"self":[{"href":"https:\/\/archive.sana.sy\/es\/index.php?rest_route=\/wp\/v2\/posts\/341646"}],"collection":[{"href":"https:\/\/archive.sana.sy\/es\/index.php?rest_route=\/wp\/v2\/posts"}],"about":[{"href":"https:\/\/archive.sana.sy\/es\/index.php?rest_route=\/wp\/v2\/types\/post"}],"author":[{"embeddable":true,"href":"https:\/\/archive.sana.sy\/es\/index.php?rest_route=\/wp\/v2\/users\/34"}],"replies":[{"embeddable":true,"href":"https:\/\/archive.sana.sy\/es\/index.php?rest_route=%2Fwp%2Fv2%2Fcomments&post=341646"}],"version-history":[{"count":1,"href":"https:\/\/archive.sana.sy\/es\/index.php?rest_route=\/wp\/v2\/posts\/341646\/revisions"}],"predecessor-version":[{"id":341650,"href":"https:\/\/archive.sana.sy\/es\/index.php?rest_route=\/wp\/v2\/posts\/341646\/revisions\/341650"}],"wp:featuredmedia":[{"embeddable":true,"href":"https:\/\/archive.sana.sy\/es\/index.php?rest_route=\/wp\/v2\/media\/341647"}],"wp:attachment":[{"href":"https:\/\/archive.sana.sy\/es\/index.php?rest_route=%2Fwp%2Fv2%2Fmedia&parent=341646"}],"wp:term":[{"taxonomy":"category","embeddable":true,"href":"https:\/\/archive.sana.sy\/es\/index.php?rest_route=%2Fwp%2Fv2%2Fcategories&post=341646"},{"taxonomy":"post_tag","embeddable":true,"href":"https:\/\/archive.sana.sy\/es\/index.php?rest_route=%2Fwp%2Fv2%2Ftags&post=341646"}],"curies":[{"name":"wp","href":"https:\/\/api.w.org\/{rel}","templated":true}]}}