{"id":341651,"date":"2024-10-31T05:50:32","date_gmt":"2024-10-31T02:50:32","guid":{"rendered":"https:\/\/sana.sy\/es\/?p=341651"},"modified":"2024-10-31T05:50:32","modified_gmt":"2024-10-31T02:50:32","slug":"por-votar-contra-el-bloqueo-a-cuba-milei-destituye-a-la-canciller-argentina","status":"publish","type":"post","link":"https:\/\/archive.sana.sy\/es\/?p=341651","title":{"rendered":"Por votar contra el bloqueo a Cuba, Milei destituye a la canciller argentina"},"content":{"rendered":"<p style=\"text-align: justify;\"><span style=\"color: #800000;\"><strong>Buenos Aires, 31 oct (SANA)<\/strong> <\/span>El Gobierno argentino removi\u00f3 a la canciller Diana Mondino. La decisi\u00f3n de la Casa Rosada se dio luego de que la titular del Ministerio de Relaciones Exteriores votara en en contra del embargo de EE.UU. a Cuba durante una Asamblea de las Naciones Unidas (ONU), inform\u00f3 el canal Todo Noticias.<\/p>\n<p style=\"text-align: justify;\">La Oficina del Presidente Milei emiti\u00f3 un comunicado explicando las razones que llevaron a Mondino a renunciar al cargo diplom\u00e1tico.<\/p>\n<p style=\"text-align: justify;\">&#8220;La Argentina atraviesa un per\u00edodo de cambios profundos, y esta nueva etapa exige que el cuerpo diplom\u00e1tico refleje en cada decisi\u00f3n los valores de libertad, soberan\u00eda y derechos individuales que caracterizan a las democracias occidentales&#8221;, se\u00f1ala el texto difundido en las redes sociales.<\/p>\n<p style=\"text-align: justify;\">La posici\u00f3n argentina en la Asamblea de la ONU hab\u00eda despertado fuertes cuestionamientos de parte del presidente Milei. En esa votaci\u00f3n, promovida por Cuba, 187 pa\u00edses se pronunciaron en contra del bloqueo a la isla, mientras que solo dos naciones, EE.UU. e Israel, lo hicieron a favor y Moldavia se abstuvo.<\/p>\n<p style=\"text-align: justify;\">fm<\/p>\n<p style=\"text-align: justify;\">\n","protected":false},"excerpt":{"rendered":"<p>Buenos Aires, 31 oct (SANA) El Gobierno argentino removi\u00f3 a la canciller Diana Mondino. La decisi\u00f3n de la Casa Rosada se dio luego de que la titular del Ministerio de Relaciones Exteriores votara en en contra del embargo de EE.UU. a Cuba durante una Asamblea de las Naciones Unidas (ONU), inform\u00f3 el canal Todo Noticias. &hellip;<\/p>\n","protected":false},"author":34,"featured_media":341652,"comment_status":"closed","ping_status":"closed","sticky":false,"template":"","format":"standard","meta":{"footnotes":""},"categories":[597,456,20724,7541],"tags":[],"class_list":["post-341651","post","type-post","status-publish","format-standard","has-post-thumbnail","","category-cinta-de-noticias","category-arabe-internacional-politica","category-minuto-a-minuto","category-ultimas-noticias"],"_links":{"self":[{"href":"https:\/\/archive.sana.sy\/es\/index.php?rest_route=\/wp\/v2\/posts\/341651"}],"collection":[{"href":"https:\/\/archive.sana.sy\/es\/index.php?rest_route=\/wp\/v2\/posts"}],"about":[{"href":"https:\/\/archive.sana.sy\/es\/index.php?rest_route=\/wp\/v2\/types\/post"}],"author":[{"embeddable":true,"href":"https:\/\/archive.sana.sy\/es\/index.php?rest_route=\/wp\/v2\/users\/34"}],"replies":[{"embeddable":true,"href":"https:\/\/archive.sana.sy\/es\/index.php?rest_route=%2Fwp%2Fv2%2Fcomments&post=341651"}],"version-history":[{"count":1,"href":"https:\/\/archive.sana.sy\/es\/index.php?rest_route=\/wp\/v2\/posts\/341651\/revisions"}],"predecessor-version":[{"id":341653,"href":"https:\/\/archive.sana.sy\/es\/index.php?rest_route=\/wp\/v2\/posts\/341651\/revisions\/341653"}],"wp:featuredmedia":[{"embeddable":true,"href":"https:\/\/archive.sana.sy\/es\/index.php?rest_route=\/wp\/v2\/media\/341652"}],"wp:attachment":[{"href":"https:\/\/archive.sana.sy\/es\/index.php?rest_route=%2Fwp%2Fv2%2Fmedia&parent=341651"}],"wp:term":[{"taxonomy":"category","embeddable":true,"href":"https:\/\/archive.sana.sy\/es\/index.php?rest_route=%2Fwp%2Fv2%2Fcategories&post=341651"},{"taxonomy":"post_tag","embeddable":true,"href":"https:\/\/archive.sana.sy\/es\/index.php?rest_route=%2Fwp%2Fv2%2Ftags&post=341651"}],"curies":[{"name":"wp","href":"https:\/\/api.w.org\/{rel}","templated":true}]}}